{"id":711,"date":"2020-02-13T19:01:10","date_gmt":"2020-02-13T19:01:10","guid":{"rendered":"http:\/\/tenistenis.com\/?p=711"},"modified":"2020-02-13T19:01:11","modified_gmt":"2020-02-13T19:01:11","slug":"federer-define-su-calendario-2020","status":"publish","type":"post","link":"https:\/\/tenistenis.com\/index.php\/2020\/02\/13\/federer-define-su-calendario-2020\/","title":{"rendered":"FEDERER DEFINE SU CALENDARIO 2020"},"content":{"rendered":"\n<p><strong>Por Ren\u00e9 S\u00e1nchez<\/strong><\/p>\n\n\n\n<p>Despu\u00e9s de quedar fuera de la pelea por el t\u00edtulo en el Abierto de Australia por fatiga,&nbsp; Roger Federer ya confeccion\u00f3 su propio calendario de competencias para lo que resta del 2020, en el que su prioridad ser\u00e1 llegar en buena forma para tomar parte en los Juegos Ol\u00edmpicos de Tokio adem\u00e1s de ir por todo en Wimbledon, volver a Roland Garros y competir en Flushing Meadows, con el objetivo de aumentar su cifra de Grand Slams, pero sobre todo de estar sano y feliz.&nbsp;<\/p>\n\n\n\n<p>Su primera competencia ser\u00e1 del 24 al 28 de febrero en el Dubai Duty Free Tennis donde defender\u00e1 su t\u00edtulo del a\u00f1o pasado en un draw en el que estar\u00e1n tambi\u00e9n el serbio Novak Djokovic, el griego Stefanos Tsitsipas y el espa\u00f1ol Roberto Bautista.<\/p>\n\n\n\n<p>El helv\u00e9tico de 38 a\u00f1os tomar\u00e1 unos d\u00edas de reposo y continuar\u00e1 en marzo, del 12 al 22 en Indian Wells y de ah\u00ed se ligar\u00e1 al torneo de Miami del 25 de marzo al 5 de abril para tomar otro respiro antes de iniciar eventos en tierra batida y del 3 al 10 de mayo jugar\u00e1 en el Mutua Madrid Open para de inmediato viajar a Roma del 10 al 17 del mismo mes y una semana antes de comenzar su reaparici\u00f3n en Roland Garros desde el 24 de mayo y esperando estar ah\u00ed hasta la final del 7 de junio.<\/p>\n\n\n\n<p>Del 15 al 21 de junio comenzar\u00e1 a jugar en pasto, su especialidad, en el Torneo de Halle, previo a la b\u00fasqueda de su novena corona en la prestigiosa hierba de Wimbledon del 29 de junio al 12 de julio y si todo va bien hasta ah\u00ed, quiere volver al piso duro con el torneo ol\u00edmpico de Tokio 2020 que ser\u00e1 del 25 de julio al 2 de agosto.&nbsp;<\/p>\n\n\n\n<p>Al terminar en Jap\u00f3n se inscribir\u00e1 para el Masters 1000 de Cincinnatti que ser\u00e1 del 16 al 23 de agosto para buscar ganar otro Mayor en el US Open del 31 de agosto al 13 de septiembre planeando cerrar su a\u00f1o con tres torneos duros pero menores como Boston del 25 al 27 del mismo mes, Shangai del 11 al 18 de octubre hasta llegar al de Basilea (donde naci\u00f3) del 26 de octubre al 1o de noviembre sin olvidar las ATP Finals de Londres del 15 al 22 del pen\u00faltimo mes del a\u00f1o.<\/p>\n\n\n\n<p>Lo \u00fanico que no est\u00e1 en sus planes es jugar torneos por equipos como la Davis ni competir en dobles en ning\u00fan lado.&nbsp;<br><\/p>\n","protected":false},"excerpt":{"rendered":"<p>Por Ren\u00e9 S\u00e1nchez Despu\u00e9s de quedar fuera de la pelea por el t\u00edtulo en el Abierto de Australia por fatiga,&nbsp; Roger Federer ya confeccion\u00f3 su propio calendario de competencias para lo que resta del 2020, en el que su prioridad ser\u00e1 llegar en buena forma para tomar parte en los Juegos Ol\u00edmpicos de Tokio adem\u00e1s [&hellip;]<\/p>\n","protected":false},"author":4,"featured_media":712,"comment_status":"open","ping_status":"open","sticky":false,"template":"","format":"standard","meta":{"footnotes":""},"categories":[5],"tags":[],"class_list":{"0":"post-711","1":"post","2":"type-post","3":"status-publish","4":"format-standard","5":"has-post-thumbnail","7":"category-tenis-atp"},"aioseo_notices":[],"_links":{"self":[{"href":"https:\/\/tenistenis.com\/index.php\/wp-json\/wp\/v2\/posts\/711","targetHints":{"allow":["GET"]}}],"collection":[{"href":"https:\/\/tenistenis.com\/index.php\/wp-json\/wp\/v2\/posts"}],"about":[{"href":"https:\/\/tenistenis.com\/index.php\/wp-json\/wp\/v2\/types\/post"}],"author":[{"embeddable":true,"href":"https:\/\/tenistenis.com\/index.php\/wp-json\/wp\/v2\/users\/4"}],"replies":[{"embeddable":true,"href":"https:\/\/tenistenis.com\/index.php\/wp-json\/wp\/v2\/comments?post=711"}],"version-history":[{"count":1,"href":"https:\/\/tenistenis.com\/index.php\/wp-json\/wp\/v2\/posts\/711\/revisions"}],"predecessor-version":[{"id":713,"href":"https:\/\/tenistenis.com\/index.php\/wp-json\/wp\/v2\/posts\/711\/revisions\/713"}],"wp:featuredmedia":[{"embeddable":true,"href":"https:\/\/tenistenis.com\/index.php\/wp-json\/wp\/v2\/media\/712"}],"wp:attachment":[{"href":"https:\/\/tenistenis.com\/index.php\/wp-json\/wp\/v2\/media?parent=711"}],"wp:term":[{"taxonomy":"category","embeddable":true,"href":"https:\/\/tenistenis.com\/index.php\/wp-json\/wp\/v2\/categories?post=711"},{"taxonomy":"post_tag","embeddable":true,"href":"https:\/\/tenistenis.com\/index.php\/wp-json\/wp\/v2\/tags?post=711"}],"curies":[{"name":"wp","href":"https:\/\/api.w.org\/{rel}","templated":true}]}}