{"id":6976,"date":"2026-09-02T01:22:14","date_gmt":"2026-09-02T01:22:14","guid":{"rendered":"https:\/\/tenistenis.com\/?p=6976"},"modified":"2026-09-02T01:22:42","modified_gmt":"2026-09-02T01:22:42","slug":"el-limite-del-perdon-en-la-alta-costura-se-enmarca-con-la-cancelacion-de-la-exposicion-de-john-galliano-para-2027","status":"publish","type":"post","link":"https:\/\/tenistenis.com\/index.php\/2026\/09\/02\/el-limite-del-perdon-en-la-alta-costura-se-enmarca-con-la-cancelacion-de-la-exposicion-de-john-galliano-para-2027\/","title":{"rendered":"EL L\u00cdMITE DEL PERD\u00d3N EN LA ALTA COSTURA SE ENMARCA CON LA CANCELACI\u00d3N DE LA EXPOSICI\u00d3N DE JOHN GALLIANO PARA 2027"},"content":{"rendered":"\n<p class=\"wp-block-paragraph\">El Museo Metropolitano de Arte de Nueva York (Met) y su ic\u00f3nico Costume Institute han tomado la decisi\u00f3n de cancelar John Galliano: Horizons, la esperada exposici\u00f3n retrospectiva dedicada al dise\u00f1ador brit\u00e1nico que servir\u00eda como tem\u00e1tica central para la Met Gala de 2027.<\/p>\n\n\n\n<p class=\"wp-block-paragraph\">El anuncio, que sacudi\u00f3 los cimientos de la industria de la moda, se produjo tras semanas de intensa presi\u00f3n p\u00fablica, cr\u00edticas de l\u00edderes de la comunidad jud\u00eda y objeciones de figuras pol\u00edticas locales. La decisi\u00f3n pone de manifiesto que, incluso tras m\u00e1s de una d\u00e9cada de esfuerzos de rehabilitaci\u00f3n profesional, las cicatrices dejadas por los comentarios racistas y antisemitas del creativo en 2011 contin\u00faan siendo una herida abierta.<\/p>\n\n\n\n<p class=\"wp-block-paragraph\">Por lo que resalta una pregunta sobre este tema, \u00bfcu\u00e1les fueron las &nbsp;declaraciones que destruyeron una era en la moda?<\/p>\n\n\n\n<p class=\"wp-block-paragraph\">Para comprender la magnitud de la cancelaci\u00f3n, es necesario remontarse a febrero de 2011. En aquel momento, Galliano se encontraba en el apogeo de su carrera como director creativo de Christian Dior, consolidado como uno de los genios m\u00e1s brillantes e influyentes del dise\u00f1o contempor\u00e1neo.<\/p>\n\n\n\n<p class=\"wp-block-paragraph\">Sin embargo, su estatus se desmoron\u00f3 tras un incidente en el caf\u00e9 La Perle, ubicado en el barrio parisino del Marais. Se hicieron p\u00fablicos varios videos grabados con tel\u00e9fonos m\u00f3viles en los que el dise\u00f1ador, visiblemente embriagado, profer\u00eda insultos antisemitas y racistas a los clientes del local:<\/p>\n\n\n\n<p class=\"wp-block-paragraph\">En las grabaciones filtradas se escuchaba a Galliano declarar expresamente su admiraci\u00f3n por <strong>Adolf Hitler (&#8220;Amo a Hitler&#8221;)<\/strong> e insultar a personas en el bar con comentarios despectivos sobre sus or\u00edgenes \u00e9tnicos y su fe jud\u00eda.<\/p>\n\n\n\n<p class=\"wp-block-paragraph\">Evidentemente la m\u00e1s grande consecuencia inmediatas tras este incidente fue la reacci\u00f3n de la casa Dior, despidi\u00e9ndolo de inmediato tras 15 a\u00f1os al frente de la firma. Meses despu\u00e9s, en septiembre de 2011, un tribunal franc\u00e9s lo declar\u00f3 culpable de injurias p\u00fablicas por motivos de raza o religi\u00f3n, conden\u00e1ndolo al pago de multas e imposibilitando temporalmente su trabajo en Par\u00eds.<\/p>\n\n\n\n<p class=\"wp-block-paragraph\">Galliano atribuy\u00f3 sus palabras a una severa adicci\u00f3n al alcohol y a los f\u00e1rmacos con receta, iniciando posteriormente un proceso de rehabilitaci\u00f3n personal y disculp\u00e1ndose p\u00fablicamente en numerosas ocasiones.<\/p>\n\n\n\n<p class=\"wp-block-paragraph\"><strong>EL FALLIDO INTENTO DE REHABILITACI\u00d3N Y LA REACCI\u00d3N DEL MET<\/strong><\/p>\n\n\n\n<p class=\"wp-block-paragraph\">Tras a\u00f1os alejado del foco p\u00fablico, Galliano fue reintegrado progresivamente a la industria. Su paso como director creativo de Maison Margiela (2014-2024) demostr\u00f3 que su visi\u00f3n est\u00e9tica manten\u00eda un impacto indudable en las pasarelas.<\/p>\n\n\n\n<p class=\"wp-block-paragraph\">Con el respaldo de figuras de gran peso en la moda como Anna Wintour, el Met planeaba convertirlo en apenas el tercer dise\u00f1ador vivo en recibir una retrospectiva individual en el Costume Institute (siguiendo los pasos de Yves Saint Laurent y Rei Kawakubo).<\/p>\n\n\n\n<p class=\"wp-block-paragraph\">No obstante, el anuncio gener\u00f3 un rechazo inmediato, a tal grado que la indignaci\u00f3n creci\u00f3 no solo entre los patronos y donantes del museo, sino tambi\u00e9n entre autoridades locales de Nueva York, quienes se\u00f1alaron que homenajear al dise\u00f1ador resultaba insensible en un contexto de repunte del antisemitismo global.<\/p>\n\n\n\n<figure class=\"wp-block-image size-full is-resized\"><img loading=\"lazy\" decoding=\"async\" width=\"753\" height=\"484\" src=\"https:\/\/tenistenis.com\/wp-content\/uploads\/2026\/09\/image-14.jpg\" alt=\"\" class=\"wp-image-6978\" style=\"aspect-ratio:1.5555555555555556;width:1061px;height:auto\" srcset=\"https:\/\/tenistenis.com\/wp-content\/uploads\/2026\/09\/image-14.jpg 753w, https:\/\/tenistenis.com\/wp-content\/uploads\/2026\/09\/image-14-300x193.png 300w\" sizes=\"auto, (max-width: 753px) 100vw, 753px\" \/><\/figure>\n\n\n\n<p class=\"wp-block-paragraph\">Ante la escalada de la controversia, el propio Galliano emiti\u00f3 un comunicado expresando que no deseaba <strong><em>&#8220;poner al Met en una posici\u00f3n dif\u00edcil&#8221; y reconoci\u00f3 que un homenaje a su trayectoria pod\u00eda &#8220;resultar doloroso para algunas personas&#8221;.<\/em><\/strong><\/p>\n\n\n\n<p class=\"wp-block-paragraph\">A pesar de los vetos institucionales en museos de gran envergadura, el trabajo actual de John Galliano demuestra que su dominio t\u00e9cnico y teatralidad siguen vigentes en las pasarelas globales. Desde su nombramiento en 2014 como director creativo de Maison Margiela, el dise\u00f1ador brit\u00e1nico logr\u00f3 fusionar su est\u00e9tica rom\u00e1ntica y dram\u00e1tica con el enfoque deconstructivista e iconoclasta caracter\u00edstico de la casa fundada por Martin Margiela.<\/p>\n\n\n\n<p class=\"wp-block-paragraph\"><strong>CREACIONES Y MOMENTOS CLAVE DE SU ETAPA RECIENTE<\/strong><\/p>\n\n\n\n<p class=\"wp-block-paragraph\">El trabajo de Galliano en la l\u00ednea Artisanal (la alta costura de Margiela) ha redefinido el di\u00e1logo entre el arte esc\u00e9nico y la confecci\u00f3n:<\/p>\n\n\n\n<ul class=\"wp-block-list\">\n<li>La colecci\u00f3n Artisanal Primavera\/Verano 2024: Presentada bajo el puente Alejandro III en Par\u00eds durante una noche lluviosa, es considerada por la cr\u00edtica como una de las colecciones m\u00e1s impactantes de la d\u00e9cada. Inspirada en los retratos parisinos de principios del siglo XX y la imaginer\u00eda de las mu\u00f1ecas de porcelana, Galliano introdujo el ic\u00f3nico maquillaje con acabado &#8220;de cristal&#8221; dise\u00f1ado por Pat McGrath, siluetas extremas con corseter\u00eda hiperreducida y tejidos transparentes que distorsionaban la figura humana.<\/li>\n<\/ul>\n\n\n\n<figure class=\"wp-block-image size-full is-resized\"><img loading=\"lazy\" decoding=\"async\" width=\"752\" height=\"511\" src=\"https:\/\/tenistenis.com\/wp-content\/uploads\/2026\/09\/image-15.jpg\" alt=\"\" class=\"wp-image-6979\" style=\"aspect-ratio:1.471882640586797;width:1067px;height:auto\" srcset=\"https:\/\/tenistenis.com\/wp-content\/uploads\/2026\/09\/image-15.jpg 752w, https:\/\/tenistenis.com\/wp-content\/uploads\/2026\/09\/image-15-300x204.png 300w\" sizes=\"auto, (max-width: 752px) 100vw, 752px\" \/><\/figure>\n\n\n\n<ul class=\"wp-block-list\">\n<li>Reinvenci\u00f3n del Corte al Bies (Bias Cut): Reconocido como el maestro moderno del corte en diagonal, ha adaptado esta t\u00e9cnica cl\u00e1sica a prendas contempor\u00e1neas, permitiendo que la tela fluya sin estructuras internas r\u00edgidas y se ajuste de forma org\u00e1nica al cuerpo.<\/li>\n<\/ul>\n\n\n\n<figure class=\"wp-block-image size-large is-resized\"><img loading=\"lazy\" decoding=\"async\" width=\"699\" height=\"1024\" src=\"https:\/\/tenistenis.com\/wp-content\/uploads\/2026\/09\/image-16-699x1024.png\" alt=\"\" class=\"wp-image-6981\" style=\"aspect-ratio:0.6833144154370034;width:1068px;height:auto\" srcset=\"https:\/\/tenistenis.com\/wp-content\/uploads\/2026\/09\/image-16-699x1024.png 699w, https:\/\/tenistenis.com\/wp-content\/uploads\/2026\/09\/image-16-205x300.png 205w, https:\/\/tenistenis.com\/wp-content\/uploads\/2026\/09\/image-16.jpg 752w\" sizes=\"auto, (max-width: 699px) 100vw, 699px\" \/><\/figure>\n\n\n\n<ul class=\"wp-block-list\">\n<li>El bolso 5AC y el calzado Tabi: Bajo su direcci\u00f3n, Galliano ha expandido el universo conceptual de accesorios de la firma, reinterpretando las cl\u00e1sicas botas de pezu\u00f1a (Tabi) a trav\u00e9s de colaboraciones de alta costura e introduciendo accesorios como el bolso 5AC, que juega con el concepto de la estructura expuesta e inacabada.<\/li>\n\n\n\n<li>T\u00e9cnicas de d\u00e9cortiqu\u00e9 y ensamblaje: Galliano perfeccion\u00f3 la t\u00e9cnica de despojar las prendas hasta su marco o esqueleto esencial, dejando visibles solo las costuras fundamentales para redefinir el volumen y la forma exterior.<\/li>\n<\/ul>\n\n\n\n<figure class=\"wp-block-image size-full is-resized\"><img loading=\"lazy\" decoding=\"async\" width=\"752\" height=\"499\" src=\"https:\/\/tenistenis.com\/wp-content\/uploads\/2026\/09\/image-17.jpg\" alt=\"\" class=\"wp-image-6980\" style=\"aspect-ratio:1.5087719298245614;width:1068px;height:auto\" srcset=\"https:\/\/tenistenis.com\/wp-content\/uploads\/2026\/09\/image-17.jpg 752w, https:\/\/tenistenis.com\/wp-content\/uploads\/2026\/09\/image-17-300x199.png 300w\" sizes=\"auto, (max-width: 752px) 100vw, 752px\" \/><\/figure>\n\n\n\n<p class=\"wp-block-paragraph\">Aunque la decisi\u00f3n del Museo Metropolitano de Arte traza una l\u00ednea divisoria clara entre el prestigio institucional y el historial personal del dise\u00f1ador, la industria de la moda contin\u00faa presenciando el impacto directo de su lenguaje est\u00e9tico en las pasarelas contempor\u00e1neas.<\/p>\n\n\n\n<p class=\"wp-block-paragraph\">El Met confirm\u00f3 que anunciar\u00e1 pr\u00f3ximamente una nueva tem\u00e1tica para la exhibici\u00f3n de primavera y la gala de 2027. La cancelaci\u00f3n deja claro que, dentro de las instituciones culturales de mayor visibilidad mundial, el talento art\u00edstico no siempre basta para eclipsar los discursos de odio del pasado.<\/p>\n","protected":false},"excerpt":{"rendered":"<p>El Museo Metropolitano de Arte de Nueva York (Met) y su ic\u00f3nico Costume Institute han tomado la decisi\u00f3n de cancelar John Galliano: Horizons, la esperada exposici\u00f3n retrospectiva dedicada al dise\u00f1ador brit\u00e1nico que servir\u00eda como tem\u00e1tica central para la Met Gala de 2027. El anuncio, que sacudi\u00f3 los cimientos de la industria de la moda, se [&hellip;]<\/p>\n","protected":false},"author":6,"featured_media":6977,"comment_status":"open","ping_status":"open","sticky":true,"template":"","format":"standard","meta":{"footnotes":""},"categories":[26,41],"tags":[67],"class_list":["post-6976","post","type-post","status-publish","format-standard","has-post-thumbnail","hentry","category-cultura","category-moda-actual","tag-ultima-hora"],"_links":{"self":[{"href":"https:\/\/tenistenis.com\/index.php\/wp-json\/wp\/v2\/posts\/6976","targetHints":{"allow":["GET"]}}],"collection":[{"href":"https:\/\/tenistenis.com\/index.php\/wp-json\/wp\/v2\/posts"}],"about":[{"href":"https:\/\/tenistenis.com\/index.php\/wp-json\/wp\/v2\/types\/post"}],"author":[{"embeddable":true,"href":"https:\/\/tenistenis.com\/index.php\/wp-json\/wp\/v2\/users\/6"}],"replies":[{"embeddable":true,"href":"https:\/\/tenistenis.com\/index.php\/wp-json\/wp\/v2\/comments?post=6976"}],"version-history":[{"count":3,"href":"https:\/\/tenistenis.com\/index.php\/wp-json\/wp\/v2\/posts\/6976\/revisions"}],"predecessor-version":[{"id":6984,"href":"https:\/\/tenistenis.com\/index.php\/wp-json\/wp\/v2\/posts\/6976\/revisions\/6984"}],"wp:featuredmedia":[{"embeddable":true,"href":"https:\/\/tenistenis.com\/index.php\/wp-json\/wp\/v2\/media\/6977"}],"wp:attachment":[{"href":"https:\/\/tenistenis.com\/index.php\/wp-json\/wp\/v2\/media?parent=6976"}],"wp:term":[{"taxonomy":"category","embeddable":true,"href":"https:\/\/tenistenis.com\/index.php\/wp-json\/wp\/v2\/categories?post=6976"},{"taxonomy":"post_tag","embeddable":true,"href":"https:\/\/tenistenis.com\/index.php\/wp-json\/wp\/v2\/tags?post=6976"}],"curies":[{"name":"wp","href":"https:\/\/api.w.org\/{rel}","templated":true}]}}