{"id":6966,"date":"2026-09-02T01:05:03","date_gmt":"2026-09-02T01:05:03","guid":{"rendered":"https:\/\/tenistenis.com\/?p=6966"},"modified":"2026-09-02T01:05:03","modified_gmt":"2026-09-02T01:05:03","slug":"de-las-canchas-de-la-nfl-a-la-alta-costura-tom-brady-protagoniza-la-nueva-campana-de-gucci-para-otono-invierno-2026","status":"publish","type":"post","link":"https:\/\/tenistenis.com\/index.php\/2026\/09\/02\/de-las-canchas-de-la-nfl-a-la-alta-costura-tom-brady-protagoniza-la-nueva-campana-de-gucci-para-otono-invierno-2026\/","title":{"rendered":"DE LAS CANCHAS DE LA NFL A LA ALTA COSTURA TOM BRADY PROTAGONIZA LA NUEVA CAMPA\u00d1A DE GUCCI PARA OTO\u00d1O\/INVIERNO 2026"},"content":{"rendered":"\n<p class=\"wp-block-paragraph\">Una vez m\u00e1s el deporte y la moda se unen en una fusi\u00f3n de tendencia, ya que el icono de la NFL y ganador de siete anillos de Super Bowl, Tom Brady, ha vuelto a demostrar que su versatilidad no tiene l\u00edmites. Tras causar sensaci\u00f3n en las pasarelas con su debut como modelo para la casa italiana, Brady se consolida oficialmente como una de las estrellas principales de la nueva campa\u00f1a publicitaria de Gucci para la temporada Oto\u00f1o\/Invierno 2026, bautizada bajo el concepto conceptual Primavera.<\/p>\n\n\n\n<p class=\"wp-block-paragraph\">Esta entrega marca la visionaria visi\u00f3n del director creativo Demna, quien asumi\u00f3 la direcci\u00f3n art\u00edstica de la ic\u00f3nica firma florentina y present\u00f3 su primera colecci\u00f3n c\u00e1psula centrada en la idea del renacimiento, la sastrer\u00eda moderna y la fluidez est\u00e9tica.<\/p>\n\n\n\n<p class=\"wp-block-paragraph\">Proponiendo un retrato de fuerza, elegancia y sobriedad, el deportista fue capturado bajo la lente de la aclamada fot\u00f3grafa Michal Chelbin, el concepto de la campa\u00f1a entrelaza el arte cl\u00e1sico del Renacimiento con elementos contempor\u00e1neos. Las im\u00e1genes proyectan una atm\u00f3sfera \u00edntima y sobria donde Brady aparece inmortalizado en un fondo de papel tapiz de \u00e9poca y cortinas de damasco pesado.<\/p>\n\n\n\n<p class=\"wp-block-paragraph\">En el retrato principal, el exmariscal de campo posa vistiendo un impecable conjunto de cuero negro compuesto por chamarra estructurada y pantalones a juego que evoca la est\u00e9tica ochentera y noventera del lujo moderno y el esp\u00edritu del motociclismo de alta gama.<\/p>\n\n\n\n<p class=\"wp-block-paragraph\"><strong><em>&#8220;Sent\u00ed que era casi como un uniforme; ten\u00eda una rigidez y una estructura muy similar a mi equipamiento de f\u00fatbol americano, pero con una comodidad incre\u00edble&#8221;,<\/em><\/strong> declar\u00f3 Brady al reflexionar sobre su integraci\u00f3n a la narrativa de la moda de alta gama.<\/p>\n\n\n\n<p class=\"wp-block-paragraph\"><strong>TODA UNA CONSTELACI\u00d3N DE ESTRELLAS DE DEMNA<\/strong><\/p>\n\n\n\n<p class=\"wp-block-paragraph\">La presencia de Tom Brady en la campa\u00f1a no es un hecho aislado, sino parte de una selecta constelaci\u00f3n de embajadores e iconos globales elegidos por Gucci. Entre las figuras que acompa\u00f1an al exfutbolista en esta propuesta visual destacan:<\/p>\n\n\n\n<p class=\"wp-block-paragraph\"><strong>Iconos del Pop y K-Pop:<\/strong> Jin de BTS, Shawn Mendes y Xiao Zhan.<\/p>\n\n\n\n<p class=\"wp-block-paragraph\"><strong>Talento emergente y urbano:<\/strong> La rapera Rico Nasty, Alex Consani y el artista EsDeeKid.<\/p>\n\n\n\n<p class=\"wp-block-paragraph\"><strong>Acompa\u00f1amiento en formato corto:<\/strong> Un filme dirigido por Johan Renck donde figuras como Kate Moss interpretan una atm\u00f3sfera rom\u00e1ntica inspirada en Wicked Game.<\/p>\n\n\n\n<figure class=\"wp-block-embed is-type-video is-provider-youtube wp-block-embed-youtube wp-embed-aspect-16-9 wp-has-aspect-ratio\"><div class=\"wp-block-embed__wrapper\">\n<iframe loading=\"lazy\" title=\"And We Shall Dance Again: Gucci Primavera\" width=\"696\" height=\"392\" src=\"https:\/\/www.youtube.com\/embed\/e2uoZOaH1cw?feature=oembed\" frameborder=\"0\" allow=\"accelerometer; autoplay; clipboard-write; encrypted-media; gyroscope; picture-in-picture; web-share\" referrerpolicy=\"strict-origin-when-cross-origin\" allowfullscreen><\/iframe>\n<\/div><\/figure>\n\n\n\n<figure class=\"wp-block-image size-full is-resized\"><img loading=\"lazy\" decoding=\"async\" width=\"752\" height=\"564\" src=\"https:\/\/tenistenis.com\/wp-content\/uploads\/2026\/09\/image-7.jpg\" alt=\"\" class=\"wp-image-6967\" style=\"aspect-ratio:1.334811529933481;width:1056px;height:auto\" srcset=\"https:\/\/tenistenis.com\/wp-content\/uploads\/2026\/09\/image-7.jpg 752w, https:\/\/tenistenis.com\/wp-content\/uploads\/2026\/09\/image-7-300x225.png 300w\" sizes=\"auto, (max-width: 752px) 100vw, 752px\" \/><\/figure>\n\n\n\n<p class=\"wp-block-paragraph\">A sus 49 a\u00f1os, la evoluci\u00f3n de Brady de superestrella del deporte y analista estelar de televisi\u00f3n a rostro global del lujo italiano marca una transici\u00f3n hist\u00f3rica en el marketing deportivo.<\/p>\n\n\n\n<p class=\"wp-block-paragraph\">Con su participaci\u00f3n en la colecci\u00f3n Oto\u00f1o\/Invierno 2026 de Gucci, Brady deja claro que su legado no solo pertenece a los libros de r\u00e9cords del deporte, sino tambi\u00e9n a la c\u00faspide del estilo internacional.<\/p>\n\n\n\n<p class=\"wp-block-paragraph\"><strong>M\u00c1S ALL\u00c1 DE LA MODA: LA AGITADA VIDA ACTUAL DE TOM BRADY<\/strong><\/p>\n\n\n\n<p class=\"wp-block-paragraph\">Su faceta como rostro de marcas de lujo representa solo una fracci\u00f3n de su presente profesional. Tras colgar el casco definitivamente en 2023, la leyenda de los terrenos de juego ha construido un imperio diversificado que combina los medios de comunicaci\u00f3n, la gesti\u00f3n deportiva y los negocios.<\/p>\n\n\n\n<p class=\"wp-block-paragraph\">Se desempe\u00f1a como el analista principal de Fox Sports para las transmisiones de la NFL, dentro de un hist\u00f3rico contrato multianual que lo sit\u00faa como la figura televisiva mejor pagada del periodismo deportivo.<\/p>\n\n\n\n<figure class=\"wp-block-image size-full is-resized\"><img loading=\"lazy\" decoding=\"async\" width=\"753\" height=\"564\" src=\"https:\/\/tenistenis.com\/wp-content\/uploads\/2026\/09\/image-8.jpg\" alt=\"\" class=\"wp-image-6968\" style=\"aspect-ratio:1.334811529933481;width:1068px;height:auto\" srcset=\"https:\/\/tenistenis.com\/wp-content\/uploads\/2026\/09\/image-8.jpg 753w, https:\/\/tenistenis.com\/wp-content\/uploads\/2026\/09\/image-8-300x225.png 300w\" sizes=\"auto, (max-width: 753px) 100vw, 753px\" \/><\/figure>\n\n\n\n<p class=\"wp-block-paragraph\">Adem\u00e1s de que se mantiene su rol de due\u00f1o minoritario de Las Vegas Raiders, involucr\u00e1ndose en la toma de decisiones estrat\u00e9gicas y de reestructuraci\u00f3n dentro de la franquicia.<\/p>\n\n\n\n<p class=\"wp-block-paragraph\">En su faceta de empresario e inversor, dirige sus marcas personales (BRADY y TB12) e invierte activamente en ligas y equipos emergentes de pickleball, carreras de barcos el\u00e9ctricos (E1) y f\u00fatbol soccer a trav\u00e9s del Birmingham City FC.<\/p>\n\n\n\n<p class=\"wp-block-paragraph\">A sus 49 a\u00f1os, Brady demuestra que el retiro no signific\u00f3 una pausa, sino la transici\u00f3n hacia una etapa donde su marca personal tiene tanto peso en las juntas directivas y las pasarelas como lo tuvo en el campo de juego.<\/p>\n","protected":false},"excerpt":{"rendered":"<p>Una vez m\u00e1s el deporte y la moda se unen en una fusi\u00f3n de tendencia, ya que el icono de la NFL y ganador de siete anillos de Super Bowl, Tom Brady, ha vuelto a demostrar que su versatilidad no tiene l\u00edmites. Tras causar sensaci\u00f3n en las pasarelas con su debut como modelo para la [&hellip;]<\/p>\n","protected":false},"author":13,"featured_media":6969,"comment_status":"open","ping_status":"open","sticky":true,"template":"","format":"standard","meta":{"footnotes":""},"categories":[41],"tags":[78,67],"class_list":["post-6966","post","type-post","status-publish","format-standard","has-post-thumbnail","hentry","category-moda-actual","tag-moda","tag-ultima-hora"],"_links":{"self":[{"href":"https:\/\/tenistenis.com\/index.php\/wp-json\/wp\/v2\/posts\/6966","targetHints":{"allow":["GET"]}}],"collection":[{"href":"https:\/\/tenistenis.com\/index.php\/wp-json\/wp\/v2\/posts"}],"about":[{"href":"https:\/\/tenistenis.com\/index.php\/wp-json\/wp\/v2\/types\/post"}],"author":[{"embeddable":true,"href":"https:\/\/tenistenis.com\/index.php\/wp-json\/wp\/v2\/users\/13"}],"replies":[{"embeddable":true,"href":"https:\/\/tenistenis.com\/index.php\/wp-json\/wp\/v2\/comments?post=6966"}],"version-history":[{"count":1,"href":"https:\/\/tenistenis.com\/index.php\/wp-json\/wp\/v2\/posts\/6966\/revisions"}],"predecessor-version":[{"id":6970,"href":"https:\/\/tenistenis.com\/index.php\/wp-json\/wp\/v2\/posts\/6966\/revisions\/6970"}],"wp:featuredmedia":[{"embeddable":true,"href":"https:\/\/tenistenis.com\/index.php\/wp-json\/wp\/v2\/media\/6969"}],"wp:attachment":[{"href":"https:\/\/tenistenis.com\/index.php\/wp-json\/wp\/v2\/media?parent=6966"}],"wp:term":[{"taxonomy":"category","embeddable":true,"href":"https:\/\/tenistenis.com\/index.php\/wp-json\/wp\/v2\/categories?post=6966"},{"taxonomy":"post_tag","embeddable":true,"href":"https:\/\/tenistenis.com\/index.php\/wp-json\/wp\/v2\/tags?post=6966"}],"curies":[{"name":"wp","href":"https:\/\/api.w.org\/{rel}","templated":true}]}}