{"id":6952,"date":"2026-09-02T00:47:49","date_gmt":"2026-09-02T00:47:49","guid":{"rendered":"https:\/\/tenistenis.com\/?p=6952"},"modified":"2026-09-02T00:47:49","modified_gmt":"2026-09-02T00:47:49","slug":"quien-sera-el-nuevo-angel-victorias-secret-busca-a-su-proxima-superestrella-en-angels-among-us","status":"publish","type":"post","link":"https:\/\/tenistenis.com\/index.php\/2026\/09\/02\/quien-sera-el-nuevo-angel-victorias-secret-busca-a-su-proxima-superestrella-en-angels-among-us\/","title":{"rendered":"\u00bfQUI\u00c9N SER\u00c1 EL NUEVO \u00c1NGEL? VICTORIA&#8217;S SECRET BUSCA A SU PR\u00d3XIMA SUPERESTRELLA EN &#8220;ANGELS AMONG US&#8221;"},"content":{"rendered":"\n<p class=\"wp-block-paragraph\">El regreso de las alas a Victoria\u2019s Secret llega cargado de telerrealidad y cultura digital. La firma estadounidense anunci\u00f3 el lanzamiento de \u201cAngels Among Us\u201d, una docuserie original que documentar\u00e1 la b\u00fasqueda global de su pr\u00f3xima supermodelo y la coronaci\u00f3n del nuevo \u00c1ngel de la marca.<\/p>\n\n\n\n<p class=\"wp-block-paragraph\">En este camino hacia la pasarela, este proyecto dirigido por la cineasta Nadia Hallgren (Becoming) y producida en alianza con Boardwalk Pictures, la serie naci\u00f3 tras una convocatoria abierta que atrajo a m\u00e1s de 100,000 aspirantes a nivel digital y en castings presenciales en ciudades como Miami, Chicago, Houston y Los \u00c1ngeles.<\/p>\n\n\n\n<p class=\"wp-block-paragraph\">El estreno de este proyecto est\u00e1 previsto para el pr\u00f3ximo 27 de septiembre de 2026, y ser\u00e1 exclusivo en el canal oficial de YouTube de Victoria&#8217;s Secret. En lo referente a los premios para la ganadora, ser\u00e1n conformados por un contrato de representaci\u00f3n exclusiva con IMG Models y debut oficial en la pasarela. La ganadora ser\u00e1 revelada en el gran escenario final, siendo la gran revelaci\u00f3n en el Victoria&#8217;s Secret Fashion Show 2026 en Los \u00c1ngeles.<\/p>\n\n\n\n<p class=\"wp-block-paragraph\"><strong>UNA NUEVA ERA PARA LOS &#8220;\u00c1NGELES&#8221; DESDE SU TRANSFORMACI\u00d3N EN 2021<\/strong><\/p>\n\n\n\n<p class=\"wp-block-paragraph\">A diferencia de la era dorada dominada por figuras como Adriana Lima, Gisele B\u00fcndchen o Tyra Banks, esta nueva b\u00fasqueda busca redefinir el concepto de &#8220;\u00c1ngel&#8221;. Por lo que en esta etapa posterior a la transformaci\u00f3n de la marca iniciada en 2021, el jurado eval\u00faa tanto la presencia esc\u00e9nica como la identidad, la personalidad aut\u00e9ntica y la capacidad de conectar con una audiencia global.<\/p>\n\n\n\n<figure class=\"wp-block-image size-full is-resized\"><img loading=\"lazy\" decoding=\"async\" width=\"753\" height=\"564\" src=\"https:\/\/tenistenis.com\/wp-content\/uploads\/2026\/09\/image-1.jpg\" alt=\"\" class=\"wp-image-6954\" style=\"aspect-ratio:1.334811529933481;width:1068px;height:auto\" srcset=\"https:\/\/tenistenis.com\/wp-content\/uploads\/2026\/09\/image-1.jpg 753w, https:\/\/tenistenis.com\/wp-content\/uploads\/2026\/09\/image-1-300x225.png 300w\" sizes=\"auto, (max-width: 753px) 100vw, 753px\" \/><\/figure>\n\n\n\n<p class=\"wp-block-paragraph\"><strong>\u00bfCu\u00e1les son las Modelos confirmadas para el Victoria&#8217;s Secret Fashion Show 2026?<\/strong><\/p>\n\n\n\n<p class=\"wp-block-paragraph\">El regreso definitivo del desfile combina el retorno de leyendas de la marca con la nueva generaci\u00f3n de figuras de la moda internacional:<\/p>\n\n\n\n<ul class=\"wp-block-list\">\n<li><strong>\u00cdconos que regresan:<\/strong><\/li>\n\n\n\n<li><strong>Adriana Lima: Encabeza la alineaci\u00f3n como una de las figuras m\u00e1s emblem\u00e1ticas de la firma.<\/strong><\/li>\n\n\n\n<li><strong>Alessandra Ambrosio: Regresa a la pasarela tras sus ic\u00f3nicas participaciones.<\/strong><\/li>\n\n\n\n<li><strong>Candice Swanepoel y Behati Prinsloo: Ambas ex-\u00c1ngeles confirmadas para desfilar.<\/strong><\/li>\n\n\n\n<li><strong>Tyra Banks: Participaci\u00f3n especial confirmada para el show de este a\u00f1o.<\/strong><\/li>\n<\/ul>\n\n\n\n<figure class=\"wp-block-image size-full is-resized\"><img loading=\"lazy\" decoding=\"async\" width=\"800\" height=\"1200\" src=\"https:\/\/tenistenis.com\/wp-content\/uploads\/2026\/09\/38-Martha-Hunt-Victorias-Secret-Fashion-Show-2018-Runway.jpg\" alt=\"\" class=\"wp-image-6959\" style=\"aspect-ratio:1.334811529933481;width:911px;height:auto\" srcset=\"https:\/\/tenistenis.com\/wp-content\/uploads\/2026\/09\/38-Martha-Hunt-Victorias-Secret-Fashion-Show-2018-Runway.jpg 800w, https:\/\/tenistenis.com\/wp-content\/uploads\/2026\/09\/38-Martha-Hunt-Victorias-Secret-Fashion-Show-2018-Runway-200x300.jpg 200w, https:\/\/tenistenis.com\/wp-content\/uploads\/2026\/09\/38-Martha-Hunt-Victorias-Secret-Fashion-Show-2018-Runway-768x1152.jpg 768w, https:\/\/tenistenis.com\/wp-content\/uploads\/2026\/09\/38-Martha-Hunt-Victorias-Secret-Fashion-Show-2018-Runway-683x1024.jpg 683w\" sizes=\"auto, (max-width: 800px) 100vw, 800px\" \/><\/figure>\n\n\n\n<ul class=\"wp-block-list\">\n<li><\/li>\n\n\n\n<li><strong>Nuevas estrellas y caras globales:<\/strong><\/li>\n\n\n\n<li><strong>Gigi Hadid y Bella Hadid: Ambas hermanas reaparecen en el cartel principal.<\/strong><\/li>\n\n\n\n<li><strong>Paloma Elsesser y Devyn Garcia: Representando la diversidad de cuerpos y la nueva direcci\u00f3n creativa de la marca.<\/strong><\/li>\n\n\n\n<li><strong>Alex Consani: Una de las modelos m\u00e1s cotizadas de la alta costura actual.<\/strong><\/li>\n\n\n\n<li><strong>La ganadora de Angels Among Us: Quien cerrar\u00e1 la b\u00fasqueda global debutando directamente en esta pasarela.<\/strong><\/li>\n<\/ul>\n\n\n\n<figure class=\"wp-block-image size-full is-resized\"><img loading=\"lazy\" decoding=\"async\" width=\"753\" height=\"424\" src=\"https:\/\/tenistenis.com\/wp-content\/uploads\/2026\/09\/image-3.jpg\" alt=\"\" class=\"wp-image-6956\" style=\"aspect-ratio:1.775811209439528;width:998px;height:auto\" srcset=\"https:\/\/tenistenis.com\/wp-content\/uploads\/2026\/09\/image-3.jpg 753w, https:\/\/tenistenis.com\/wp-content\/uploads\/2026\/09\/image-3-300x169.png 300w\" sizes=\"auto, (max-width: 753px) 100vw, 753px\" \/><\/figure>\n\n\n\n<p class=\"wp-block-paragraph\"><strong>UNA NUEVA ERA PARA LOS &#8220;\u00c1NGELES&#8221;<\/strong><\/p>\n\n\n\n<p class=\"wp-block-paragraph\">A diferencia de la era dorada dominada por figuras como Adriana Lima, Gisele B\u00fcndchen o Tyra Banks, esta nueva b\u00fasqueda busca redefinir el concepto de &#8220;\u00c1ngel&#8221;. En esta etapa posterior a la transformaci\u00f3n de la marca iniciada en 2021, el jurado eval\u00faa tanto la presencia esc\u00e9nica como la identidad, la personalidad aut\u00e9ntica y la capacidad de conectar con una audiencia global.<\/p>\n\n\n\n<p class=\"wp-block-paragraph\">El viaje de Angels Among Usculminar\u00e1 directamente en el evento m\u00e1s esperado del a\u00f1o: el Victoria&#8217;s Secret Fashion Show 2026. Tras casi dos d\u00e9cadas de realizase principalmente en Nueva York y otras capitales globales, la pasarela oficial regresa a la Costa Oeste para celebrarse en Los \u00c1ngeles, Californiadurante el oto\u00f1o.<\/p>\n\n\n\n<p class=\"wp-block-paragraph\">Este hito marcar\u00e1 el escenario donde la ganadora de la docuserie compartir\u00e1 pasarela con una alineaci\u00f3n estelar de supermodelos consolidadas como Gigi Hadid, Paloma Elsesser, Alex Consani y Abby Champion. Adem\u00e1s de reunir a gigantes de la moda, el desfile mantendr\u00e1 su tradici\u00f3n de fusionar alta costura, lencer\u00eda y presentaciones musicales en vivo.<\/p>\n\n\n\n<figure class=\"wp-block-image size-full is-resized\"><img loading=\"lazy\" decoding=\"async\" width=\"752\" height=\"602\" src=\"https:\/\/tenistenis.com\/wp-content\/uploads\/2026\/09\/image-2.jpg\" alt=\"\" class=\"wp-image-6955\" style=\"aspect-ratio:1.2489626556016598;width:1056px;height:auto\" srcset=\"https:\/\/tenistenis.com\/wp-content\/uploads\/2026\/09\/image-2.jpg 752w, https:\/\/tenistenis.com\/wp-content\/uploads\/2026\/09\/image-2-300x240.png 300w\" sizes=\"auto, (max-width: 752px) 100vw, 752px\" \/><\/figure>\n\n\n\n<p class=\"wp-block-paragraph\">La transmisi\u00f3n global en vivo asegurar\u00e1 que millones de espectadores presencien en tiempo real el debut oficial del nuevo \u00c1ngel luciendo sus primeras alas.<\/p>\n\n\n\n<figure class=\"wp-block-embed is-type-video is-provider-youtube wp-block-embed-youtube wp-embed-aspect-16-9 wp-has-aspect-ratio\"><div class=\"wp-block-embed__wrapper\">\n<iframe loading=\"lazy\" title=\"Coming This Fall to YouTube: The Official Angels Among Us Docuseries\" width=\"696\" height=\"392\" src=\"https:\/\/www.youtube.com\/embed\/nh3-1br-qro?feature=oembed\" frameborder=\"0\" allow=\"accelerometer; autoplay; clipboard-write; encrypted-media; gyroscope; picture-in-picture; web-share\" referrerpolicy=\"strict-origin-when-cross-origin\" allowfullscreen><\/iframe>\n<\/div><\/figure>\n","protected":false},"excerpt":{"rendered":"<p>El regreso de las alas a Victoria\u2019s Secret llega cargado de telerrealidad y cultura digital. La firma estadounidense anunci\u00f3 el lanzamiento de \u201cAngels Among Us\u201d, una docuserie original que documentar\u00e1 la b\u00fasqueda global de su pr\u00f3xima supermodelo y la coronaci\u00f3n del nuevo \u00c1ngel de la marca. En este camino hacia la pasarela, este proyecto dirigido [&hellip;]<\/p>\n","protected":false},"author":13,"featured_media":6958,"comment_status":"open","ping_status":"open","sticky":true,"template":"","format":"standard","meta":{"footnotes":""},"categories":[26],"tags":[68,67],"class_list":["post-6952","post","type-post","status-publish","format-standard","has-post-thumbnail","hentry","category-cultura","tag-cultura","tag-ultima-hora"],"_links":{"self":[{"href":"https:\/\/tenistenis.com\/index.php\/wp-json\/wp\/v2\/posts\/6952","targetHints":{"allow":["GET"]}}],"collection":[{"href":"https:\/\/tenistenis.com\/index.php\/wp-json\/wp\/v2\/posts"}],"about":[{"href":"https:\/\/tenistenis.com\/index.php\/wp-json\/wp\/v2\/types\/post"}],"author":[{"embeddable":true,"href":"https:\/\/tenistenis.com\/index.php\/wp-json\/wp\/v2\/users\/13"}],"replies":[{"embeddable":true,"href":"https:\/\/tenistenis.com\/index.php\/wp-json\/wp\/v2\/comments?post=6952"}],"version-history":[{"count":1,"href":"https:\/\/tenistenis.com\/index.php\/wp-json\/wp\/v2\/posts\/6952\/revisions"}],"predecessor-version":[{"id":6960,"href":"https:\/\/tenistenis.com\/index.php\/wp-json\/wp\/v2\/posts\/6952\/revisions\/6960"}],"wp:featuredmedia":[{"embeddable":true,"href":"https:\/\/tenistenis.com\/index.php\/wp-json\/wp\/v2\/media\/6958"}],"wp:attachment":[{"href":"https:\/\/tenistenis.com\/index.php\/wp-json\/wp\/v2\/media?parent=6952"}],"wp:term":[{"taxonomy":"category","embeddable":true,"href":"https:\/\/tenistenis.com\/index.php\/wp-json\/wp\/v2\/categories?post=6952"},{"taxonomy":"post_tag","embeddable":true,"href":"https:\/\/tenistenis.com\/index.php\/wp-json\/wp\/v2\/tags?post=6952"}],"curies":[{"name":"wp","href":"https:\/\/api.w.org\/{rel}","templated":true}]}}