{"id":6505,"date":"2025-12-05T23:40:34","date_gmt":"2025-12-05T23:40:34","guid":{"rendered":"https:\/\/tenistenis.com\/?p=6505"},"modified":"2025-12-05T23:40:34","modified_gmt":"2025-12-05T23:40:34","slug":"la-nueva-playera-de-mexico-para-el-mundial-2026-rinde-homenaje-a-la-cultura-azteca-con-un-diseno-moderno-ecologico-y-profundamente-simbolico-2","status":"publish","type":"post","link":"https:\/\/tenistenis.com\/index.php\/2025\/12\/05\/la-nueva-playera-de-mexico-para-el-mundial-2026-rinde-homenaje-a-la-cultura-azteca-con-un-diseno-moderno-ecologico-y-profundamente-simbolico-2\/","title":{"rendered":"LA NUEVA PLAYERA DE M\u00c9XICO PARA EL MUNDIAL 2026 RINDE HOMENAJE A LA CULTURA AZTECA CON UN DISE\u00d1O MODERNO, ECOL\u00d3GICO Y PROFUNDAMENTE SIMB\u00d3LICO."},"content":{"rendered":"\n<p>La Selecci\u00f3n Mexicana ha revelado oficialmente su nueva indumentaria para el Mundial 2026, un torneo que se celebrar\u00e1 en casa junto a Estados Unidos y Canad\u00e1.<\/p>\n\n\n\n<p>El jersey, dise\u00f1ado por Adidas y autorizado por el Instituto Nacional de Antropolog\u00eda e Historia (INAH), destaca por incorporar en el centro del pecho el imponente Calendario Azteca, tambi\u00e9n conocido como Piedra del Sol, s\u00edmbolo de herencia cultural y orgullo nacional.<\/p>\n\n\n\n<p>Aspectos relevantes de la prenda:<\/p>\n\n\n\n<p><strong>&#8211; Color principal: Verde intenso, retomando el tono cl\u00e1sico del Tricolor.<\/strong><\/p>\n\n\n\n<p><strong>&#8211; Detalles: Rojo y blanco en cuello y mangas, evocando los colores patrios.<\/strong><\/p>\n\n\n\n<p><strong>&#8211; Inspiraci\u00f3n: El dise\u00f1o hace un gui\u00f1o al ic\u00f3nico uniforme de Francia 1998, pero con una est\u00e9tica m\u00e1s fresca y progresiva.<\/strong><\/p>\n\n\n\n<p><strong>&#8211; Mensaje: En la parte superior de la espalda se lee la frase \u201cSomos M\u00e9xico\u201d, reafirmando el sentido de pertenencia y unidad.<\/strong><\/p>\n\n\n\n<p><strong>EL COMPROMISO AMBIENTAL DEL DISE\u00d1ADOR CON SU CREACI\u00d3N TRICOLOR<\/strong><\/p>\n\n\n\n<p>Con este nuevo jersey elegido para la disputa que arrancar\u00e1 en menos de un a\u00f1o en Norteam\u00e9rica, el compromiso con el medio ambiente es de suma importancia por lo que la playera est\u00e1 confeccionada en 100% poli\u00e9ster reciclado, aline\u00e1ndose con los valores de sostenibilidad que Adidas ha promovido en sus \u00faltimas colecciones.<\/p>\n\n\n\n<figure class=\"wp-block-image size-full is-resized\"><img loading=\"lazy\" decoding=\"async\" width=\"736\" height=\"415\" src=\"https:\/\/tenistenis.com\/wp-content\/uploads\/2025\/12\/image-7.jpeg\" alt=\"\" class=\"wp-image-6507\" style=\"width:1040px;height:auto\" srcset=\"https:\/\/tenistenis.com\/wp-content\/uploads\/2025\/12\/image-7.jpeg 736w, https:\/\/tenistenis.com\/wp-content\/uploads\/2025\/12\/image-7-300x169.jpeg 300w, https:\/\/tenistenis.com\/wp-content\/uploads\/2025\/12\/image-7-696x392.jpeg 696w\" sizes=\"auto, (max-width: 736px) 100vw, 736px\" \/><\/figure>\n\n\n\n<p>El dise\u00f1ador Sergio Mareco explic\u00f3 que el objetivo fue fusionar elementos culturales con una visi\u00f3n contempor\u00e1nea. Se busc\u00f3 que el jersey no solo fuera funcional y est\u00e9tico, sino tambi\u00e9n un veh\u00edculo de expresi\u00f3n identitaria. La inclusi\u00f3n del Calendario Azteca fue clave para conectar con la historia y el esp\u00edritu del pa\u00eds.<\/p>\n\n\n\n<p><strong>UNIFORME DE PORTERO: HOMENAJE A JORGE CAMPOS<\/strong><\/p>\n\n\n\n<p>El uniforme de los arqueros tambi\u00e9n ha causado sensaci\u00f3n: un dise\u00f1o en tonos rosa, amarillo y morado, inspirado en el estilo vibrante del legendario Jorge Campos. Esta elecci\u00f3n refuerza el car\u00e1cter audaz y creativo del equipo mexicano.<\/p>\n\n\n\n<figure class=\"wp-block-image size-full is-resized\"><img loading=\"lazy\" decoding=\"async\" width=\"620\" height=\"620\" src=\"https:\/\/tenistenis.com\/wp-content\/uploads\/2025\/12\/image-8.jpeg\" alt=\"\" class=\"wp-image-6508\" style=\"width:1060px;height:auto\" srcset=\"https:\/\/tenistenis.com\/wp-content\/uploads\/2025\/12\/image-8.jpeg 620w, https:\/\/tenistenis.com\/wp-content\/uploads\/2025\/12\/image-8-300x300.jpeg 300w, https:\/\/tenistenis.com\/wp-content\/uploads\/2025\/12\/image-8-150x150.jpeg 150w, https:\/\/tenistenis.com\/wp-content\/uploads\/2025\/12\/image-8-420x420.jpeg 420w\" sizes=\"auto, (max-width: 620px) 100vw, 620px\" \/><\/figure>\n\n\n\n<p>M\u00e9xico tiene proyectado debutar el 11 de junio de 2026 en el Estadio Banorte, luciendo esta nueva piel que promete convertirse en un \u00edcono del torneo.<\/p>\n\n\n\n<p>Esta playera no es solo una prenda deportiva: es una declaraci\u00f3n de identidad, una pieza de dise\u00f1o con alma hist\u00f3rica, y un s\u00edmbolo de lo que significa representar a M\u00e9xico en el escenario m\u00e1s grande del f\u00fatbol mundial.<\/p>\n","protected":false},"excerpt":{"rendered":"<p>La Selecci\u00f3n Mexicana ha revelado oficialmente su nueva indumentaria para el Mundial 2026, un torneo que se celebrar\u00e1 en casa junto a Estados Unidos y Canad\u00e1. El jersey, dise\u00f1ado por Adidas y autorizado por el Instituto Nacional de Antropolog\u00eda e Historia (INAH), destaca por incorporar en el centro del pecho el imponente Calendario Azteca, tambi\u00e9n [&hellip;]<\/p>\n","protected":false},"author":1,"featured_media":6506,"comment_status":"closed","ping_status":"closed","sticky":true,"template":"","format":"standard","meta":{"footnotes":""},"categories":[26,39],"tags":[63,67],"class_list":{"0":"post-6505","1":"post","2":"type-post","3":"status-publish","4":"format-standard","5":"has-post-thumbnail","7":"category-cultura","8":"category-futbol","9":"tag-futbol","10":"tag-ultima-hora"},"aioseo_notices":[],"_links":{"self":[{"href":"https:\/\/tenistenis.com\/index.php\/wp-json\/wp\/v2\/posts\/6505","targetHints":{"allow":["GET"]}}],"collection":[{"href":"https:\/\/tenistenis.com\/index.php\/wp-json\/wp\/v2\/posts"}],"about":[{"href":"https:\/\/tenistenis.com\/index.php\/wp-json\/wp\/v2\/types\/post"}],"author":[{"embeddable":true,"href":"https:\/\/tenistenis.com\/index.php\/wp-json\/wp\/v2\/users\/1"}],"replies":[{"embeddable":true,"href":"https:\/\/tenistenis.com\/index.php\/wp-json\/wp\/v2\/comments?post=6505"}],"version-history":[{"count":1,"href":"https:\/\/tenistenis.com\/index.php\/wp-json\/wp\/v2\/posts\/6505\/revisions"}],"predecessor-version":[{"id":6509,"href":"https:\/\/tenistenis.com\/index.php\/wp-json\/wp\/v2\/posts\/6505\/revisions\/6509"}],"wp:featuredmedia":[{"embeddable":true,"href":"https:\/\/tenistenis.com\/index.php\/wp-json\/wp\/v2\/media\/6506"}],"wp:attachment":[{"href":"https:\/\/tenistenis.com\/index.php\/wp-json\/wp\/v2\/media?parent=6505"}],"wp:term":[{"taxonomy":"category","embeddable":true,"href":"https:\/\/tenistenis.com\/index.php\/wp-json\/wp\/v2\/categories?post=6505"},{"taxonomy":"post_tag","embeddable":true,"href":"https:\/\/tenistenis.com\/index.php\/wp-json\/wp\/v2\/tags?post=6505"}],"curies":[{"name":"wp","href":"https:\/\/api.w.org\/{rel}","templated":true}]}}