{"id":6490,"date":"2025-12-05T23:18:56","date_gmt":"2025-12-05T23:18:56","guid":{"rendered":"https:\/\/tenistenis.com\/?p=6490"},"modified":"2025-12-05T23:18:56","modified_gmt":"2025-12-05T23:18:56","slug":"max-verstappen-llega-relajado-a-la-batalla-final-del-gp-de-abu-dabi","status":"publish","type":"post","link":"https:\/\/tenistenis.com\/index.php\/2025\/12\/05\/max-verstappen-llega-relajado-a-la-batalla-final-del-gp-de-abu-dabi\/","title":{"rendered":"Max Verstappen llega relajado a la batalla final del GP de Abu Dabi"},"content":{"rendered":"\n<p>Max Verstappen afronta con absoluta calma la definici\u00f3n del campeonato mundial de F\u00f3rmula 1 en el Gran Premio de Abu Dabi, y \u00e9l mismo explic\u00f3 por qu\u00e9: &#8220;Tengo cuatro de esos en casa&#8221;, dijo entre risas al se\u00f1alar el trofeo que estar\u00e1 en juego este fin de semana.<\/p>\n\n\n\n<p>El piloto neerland\u00e9s, campe\u00f3n defensor, ha aprovechado la disputa interna en McLaren entre Lando Norris y Oscar Piastri para reinsertarse en la pelea por el t\u00edtulo. Tras una de sus mejores segundas mitades de temporada, llega a Yas Marina a solo 12 puntos de Norris, con la obligaci\u00f3n de terminar dentro del top 3 para mantener viva cualquier esperanza de coronarse.<\/p>\n\n\n\n<p>Verstappen comparti\u00f3 conferencia de prensa con Norris y Piastri el jueves, acompa\u00f1ados por el trofeo del campeonato mundial de pilotos, pieza que registra las firmas de todos los monarcas desde 1950. All\u00ed, el tricampe\u00f3n hizo referencia a su experiencia en finales decisivas en este mismo circuito \u2014incluida su pol\u00e9mica coronaci\u00f3n de 2021\u2014, aunque rest\u00f3 importancia a cualquier supuesto beneficio.<\/p>\n\n\n\n<figure class=\"wp-block-image size-large\"><img loading=\"lazy\" decoding=\"async\" width=\"1024\" height=\"576\" src=\"http:\/\/tenistenis.com\/wp-content\/uploads\/2025\/09\/image001-8-1024x576.png\" alt=\"\" class=\"wp-image-6243\" srcset=\"https:\/\/tenistenis.com\/wp-content\/uploads\/2025\/09\/image001-8-1024x576.png 1024w, https:\/\/tenistenis.com\/wp-content\/uploads\/2025\/09\/image001-8-300x169.png 300w, https:\/\/tenistenis.com\/wp-content\/uploads\/2025\/09\/image001-8-768x432.png 768w, https:\/\/tenistenis.com\/wp-content\/uploads\/2025\/09\/image001-8-1536x864.png 1536w, https:\/\/tenistenis.com\/wp-content\/uploads\/2025\/09\/image001-8-2048x1152.png 2048w, https:\/\/tenistenis.com\/wp-content\/uploads\/2025\/09\/image001-8-747x420.png 747w, https:\/\/tenistenis.com\/wp-content\/uploads\/2025\/09\/image001-8-696x392.png 696w, https:\/\/tenistenis.com\/wp-content\/uploads\/2025\/09\/image001-8-1068x601.png 1068w\" sizes=\"auto, (max-width: 1024px) 100vw, 1024px\" \/><\/figure>\n\n\n\n<p>&#8220;El trofeo se ve igual. Tengo cuatro de esos en casa&#8230; ser\u00eda bonito a\u00f1adir un quinto. Reconozco mi firma, as\u00ed que es la misma&#8221;, brome\u00f3.<\/p>\n\n\n\n<p>A principios de a\u00f1o, pocos apostaban por una remontada de Verstappen y Red Bull, especialmente tras la salida de Christian Horner del equipo en julio. Sin embargo, el piloto de Pa\u00edses Bajos encontr\u00f3 un nivel sobresaliente despu\u00e9s del par\u00f3n veraniego, lo que lo devolvi\u00f3 de lleno a la contienda por el campeonato.<\/p>\n\n\n\n<p>Lejos de mostrar presi\u00f3n, Verstappen asegur\u00f3 sentirse m\u00e1s c\u00f3modo que nunca.<\/p>\n\n\n\n<p>&#8220;Estoy muy tranquilo. No tengo nada que perder, \u00bfsabes? Solo estoy disfrutando de estar aqu\u00ed&#8221;, se\u00f1al\u00f3. &#8220;He disfrutado la segunda mitad de la temporada, trabajando con el equipo, superando momentos dif\u00edciles. Pasamos de estar muy decepcionados a simplemente disfrutar y sonre\u00edr&#8221;.<\/p>\n\n\n\n<p>Con un cierre de temporada inesperadamente apretado y Verstappen en modo relajado, la definici\u00f3n del t\u00edtulo en Abu Dabi promete ser una de las m\u00e1s intensas de los \u00faltimos a\u00f1os.<\/p>\n","protected":false},"excerpt":{"rendered":"<p>Max Verstappen afronta con absoluta calma la definici\u00f3n del campeonato mundial de F\u00f3rmula 1 en el Gran Premio de Abu Dabi, y \u00e9l mismo explic\u00f3 por qu\u00e9: &#8220;Tengo cuatro de esos en casa&#8221;, dijo entre risas al se\u00f1alar el trofeo que estar\u00e1 en juego este fin de semana. El piloto neerland\u00e9s, campe\u00f3n defensor, ha aprovechado [&hellip;]<\/p>\n","protected":false},"author":9,"featured_media":6491,"comment_status":"closed","ping_status":"closed","sticky":true,"template":"","format":"standard","meta":{"footnotes":""},"categories":[1],"tags":[67],"class_list":{"0":"post-6490","1":"post","2":"type-post","3":"status-publish","4":"format-standard","5":"has-post-thumbnail","7":"category-uncategorized","8":"tag-ultima-hora"},"aioseo_notices":[],"_links":{"self":[{"href":"https:\/\/tenistenis.com\/index.php\/wp-json\/wp\/v2\/posts\/6490","targetHints":{"allow":["GET"]}}],"collection":[{"href":"https:\/\/tenistenis.com\/index.php\/wp-json\/wp\/v2\/posts"}],"about":[{"href":"https:\/\/tenistenis.com\/index.php\/wp-json\/wp\/v2\/types\/post"}],"author":[{"embeddable":true,"href":"https:\/\/tenistenis.com\/index.php\/wp-json\/wp\/v2\/users\/9"}],"replies":[{"embeddable":true,"href":"https:\/\/tenistenis.com\/index.php\/wp-json\/wp\/v2\/comments?post=6490"}],"version-history":[{"count":1,"href":"https:\/\/tenistenis.com\/index.php\/wp-json\/wp\/v2\/posts\/6490\/revisions"}],"predecessor-version":[{"id":6492,"href":"https:\/\/tenistenis.com\/index.php\/wp-json\/wp\/v2\/posts\/6490\/revisions\/6492"}],"wp:featuredmedia":[{"embeddable":true,"href":"https:\/\/tenistenis.com\/index.php\/wp-json\/wp\/v2\/media\/6491"}],"wp:attachment":[{"href":"https:\/\/tenistenis.com\/index.php\/wp-json\/wp\/v2\/media?parent=6490"}],"wp:term":[{"taxonomy":"category","embeddable":true,"href":"https:\/\/tenistenis.com\/index.php\/wp-json\/wp\/v2\/categories?post=6490"},{"taxonomy":"post_tag","embeddable":true,"href":"https:\/\/tenistenis.com\/index.php\/wp-json\/wp\/v2\/tags?post=6490"}],"curies":[{"name":"wp","href":"https:\/\/api.w.org\/{rel}","templated":true}]}}