{"id":6475,"date":"2025-12-04T18:58:03","date_gmt":"2025-12-04T18:58:03","guid":{"rendered":"https:\/\/tenistenis.com\/?p=6475"},"modified":"2025-12-04T18:58:04","modified_gmt":"2025-12-04T18:58:04","slug":"sergio-ramos-se-va-al-river-plate","status":"publish","type":"post","link":"https:\/\/tenistenis.com\/index.php\/2025\/12\/04\/sergio-ramos-se-va-al-river-plate\/","title":{"rendered":"SERGIO RAMOS SE VA AL RIVER PLATE"},"content":{"rendered":"\n<p>Rayados de Monterrey se encuentra instalado en las&nbsp;<strong>Semifinales del Apertura 2025<\/strong>&nbsp;de la&nbsp;<strong>Liga MX<\/strong>, detalle que no cuenta con relevancia para que el&nbsp;<strong>mercado de fichajes<\/strong>&nbsp;comience a sonar con diversas posibilidades para algunos de los jugadores que&nbsp;<strong>finalizan su contrato<\/strong>\u2026 tal es el caso de Sergio Ramos.<\/p>\n\n\n\n<p>D\u00edas despu\u00e9s de haberse dado a conocer la informaci\u00f3n \u2013proveniente desde Espa\u00f1a- que <strong>Sergio Ramos no estar\u00eda dispuesto a renovar <\/strong>su v\u00ednculo con los de la <strong>Sultana del Norte<\/strong>, el defensor espa\u00f1ol estar\u00eda siendo vinculado a un <strong>nuevo equipo<\/strong> en su carrera\u2026 \u2018<em>El Millonario<\/em><\/p>\n\n\n\n<figure class=\"wp-block-image size-large is-resized\"><img loading=\"lazy\" decoding=\"async\" width=\"1024\" height=\"682\" src=\"http:\/\/tenistenis.com\/wp-content\/uploads\/2025\/12\/XXFSQSFXIZDNHLBVDV2HZLZCXI-1024x682.jpg\" alt=\"\" class=\"wp-image-6480\" style=\"width:1065px;height:auto\" srcset=\"https:\/\/tenistenis.com\/wp-content\/uploads\/2025\/12\/XXFSQSFXIZDNHLBVDV2HZLZCXI-1024x682.jpg 1024w, https:\/\/tenistenis.com\/wp-content\/uploads\/2025\/12\/XXFSQSFXIZDNHLBVDV2HZLZCXI-300x200.jpg 300w, https:\/\/tenistenis.com\/wp-content\/uploads\/2025\/12\/XXFSQSFXIZDNHLBVDV2HZLZCXI-768x511.jpg 768w, https:\/\/tenistenis.com\/wp-content\/uploads\/2025\/12\/XXFSQSFXIZDNHLBVDV2HZLZCXI-1536x1023.jpg 1536w, https:\/\/tenistenis.com\/wp-content\/uploads\/2025\/12\/XXFSQSFXIZDNHLBVDV2HZLZCXI-2048x1364.jpg 2048w, https:\/\/tenistenis.com\/wp-content\/uploads\/2025\/12\/XXFSQSFXIZDNHLBVDV2HZLZCXI-631x420.jpg 631w, https:\/\/tenistenis.com\/wp-content\/uploads\/2025\/12\/XXFSQSFXIZDNHLBVDV2HZLZCXI-696x464.jpg 696w, https:\/\/tenistenis.com\/wp-content\/uploads\/2025\/12\/XXFSQSFXIZDNHLBVDV2HZLZCXI-1068x711.jpg 1068w\" sizes=\"auto, (max-width: 1024px) 100vw, 1024px\" \/><\/figure>\n\n\n\n<h2 class=\"wp-block-heading\">FUTURO &#8216;MILLONARIO&#8217; DE SERGIO RAMOS<\/h2>\n\n\n\n<p>Ni m\u00e1s ni menos que&nbsp;<strong>River Plate<\/strong>. El conjunto \u2018<em>Millonario<\/em>\u2019 estar\u00eda en&nbsp;<strong>pl\u00e1ticas avanzadas<\/strong>&nbsp;con el zaguero de&nbsp;<strong>39 a\u00f1os<\/strong>&nbsp;para unir sus caminos a partir del 2026, sin embargo, no todo son buenas noticias para el conjunto argentino, ya que&nbsp;<strong>no estar\u00edan disputando<\/strong>&nbsp;la siguiente edici\u00f3n de la&nbsp;<strong>Copa Libertadores<\/strong>\u2026 a menos de que Boca Jrs. se consagre como campe\u00f3n.<\/p>\n\n\n\n<blockquote class=\"twitter-tweet\"><p lang=\"es\" dir=\"ltr\">\ud83d\udea8\u203c\ufe0fSERGIO RAMOS ES NUEVO JUGADOR DE RIVER PLATE.<br><br>\u2b50\ufe0fViene como agente libre con el pase en su poder.<br><br>\u27a1\ufe0f\ud83e\udd1dLa negociaci\u00f3n se hizo en el mismo d\u00eda y al DT le parece el jugador ideal para el equipo.<a href=\"https:\/\/twitter.com\/JulianFedeli?ref_src=twsrc%5Etfw\">@julianfedeli<\/a> en <a href=\"https:\/\/twitter.com\/Continental590?ref_src=twsrc%5Etfw\">@Continental590<\/a> <a href=\"https:\/\/t.co\/w78NrQIfD4\">pic.twitter.com\/w78NrQIfD4<\/a><\/p>&mdash; INFO REAL RIVER\ud83d\udc14 (@gabocarp2003) <a href=\"https:\/\/twitter.com\/gabocarp2003\/status\/1995615949131841677?ref_src=twsrc%5Etfw\">December 1, 2025<\/a><\/blockquote> <script async src=\"https:\/\/platform.twitter.com\/widgets.js\" charset=\"utf-8\"><\/script>\n\n\n\n<p><strong>River Plate<\/strong>\u00a0se convertir\u00eda en el\u00a0<strong>quinto equipo en la carrera de Sergio Ramos<\/strong>, luego de vestir las playeras de Sevilla, Real Madrid, PSG y Rayados de Monterrey.<\/p>\n\n\n\n<figure class=\"wp-block-image size-full is-resized\"><img loading=\"lazy\" decoding=\"async\" width=\"777\" height=\"534\" src=\"http:\/\/tenistenis.com\/wp-content\/uploads\/2025\/12\/Sergio-Ramos-Pemain-belakang-Real-Madrid.jpg\" alt=\"\" class=\"wp-image-6477\" style=\"width:1067px;height:auto\" srcset=\"https:\/\/tenistenis.com\/wp-content\/uploads\/2025\/12\/Sergio-Ramos-Pemain-belakang-Real-Madrid.jpg 777w, https:\/\/tenistenis.com\/wp-content\/uploads\/2025\/12\/Sergio-Ramos-Pemain-belakang-Real-Madrid-300x206.jpg 300w, https:\/\/tenistenis.com\/wp-content\/uploads\/2025\/12\/Sergio-Ramos-Pemain-belakang-Real-Madrid-768x528.jpg 768w, https:\/\/tenistenis.com\/wp-content\/uploads\/2025\/12\/Sergio-Ramos-Pemain-belakang-Real-Madrid-611x420.jpg 611w, https:\/\/tenistenis.com\/wp-content\/uploads\/2025\/12\/Sergio-Ramos-Pemain-belakang-Real-Madrid-218x150.jpg 218w, https:\/\/tenistenis.com\/wp-content\/uploads\/2025\/12\/Sergio-Ramos-Pemain-belakang-Real-Madrid-696x478.jpg 696w, https:\/\/tenistenis.com\/wp-content\/uploads\/2025\/12\/Sergio-Ramos-Pemain-belakang-Real-Madrid-100x70.jpg 100w\" sizes=\"auto, (max-width: 777px) 100vw, 777px\" \/><\/figure>\n\n\n\n<figure class=\"wp-block-image size-full is-resized\"><img loading=\"lazy\" decoding=\"async\" width=\"720\" height=\"405\" src=\"https:\/\/tenistenis.com\/wp-content\/uploads\/2025\/12\/1234785_720.jpg\" alt=\"\" class=\"wp-image-6481\" style=\"width:1061px;height:auto\" srcset=\"https:\/\/tenistenis.com\/wp-content\/uploads\/2025\/12\/1234785_720.jpg 720w, https:\/\/tenistenis.com\/wp-content\/uploads\/2025\/12\/1234785_720-300x169.jpg 300w, https:\/\/tenistenis.com\/wp-content\/uploads\/2025\/12\/1234785_720-696x392.jpg 696w\" sizes=\"auto, (max-width: 720px) 100vw, 720px\" \/><\/figure>\n\n\n\n<figure class=\"wp-block-image size-full is-resized\"><img loading=\"lazy\" decoding=\"async\" width=\"992\" height=\"595\" src=\"http:\/\/tenistenis.com\/wp-content\/uploads\/2025\/12\/SergioRamosMXSP-2.jpg\" alt=\"\" class=\"wp-image-6479\" style=\"width:1068px;height:auto\" srcset=\"https:\/\/tenistenis.com\/wp-content\/uploads\/2025\/12\/SergioRamosMXSP-2.jpg 992w, https:\/\/tenistenis.com\/wp-content\/uploads\/2025\/12\/SergioRamosMXSP-2-300x180.jpg 300w, https:\/\/tenistenis.com\/wp-content\/uploads\/2025\/12\/SergioRamosMXSP-2-768x461.jpg 768w, https:\/\/tenistenis.com\/wp-content\/uploads\/2025\/12\/SergioRamosMXSP-2-700x420.jpg 700w, https:\/\/tenistenis.com\/wp-content\/uploads\/2025\/12\/SergioRamosMXSP-2-696x417.jpg 696w\" sizes=\"auto, (max-width: 992px) 100vw, 992px\" \/><\/figure>\n","protected":false},"excerpt":{"rendered":"<p>Rayados de Monterrey se encuentra instalado en las&nbsp;Semifinales del Apertura 2025&nbsp;de la&nbsp;Liga MX, detalle que no cuenta con relevancia para que el&nbsp;mercado de fichajes&nbsp;comience a sonar con diversas posibilidades para algunos de los jugadores que&nbsp;finalizan su contrato\u2026 tal es el caso de Sergio Ramos. D\u00edas despu\u00e9s de haberse dado a conocer la informaci\u00f3n \u2013proveniente desde [&hellip;]<\/p>\n","protected":false},"author":1,"featured_media":6478,"comment_status":"closed","ping_status":"closed","sticky":true,"template":"","format":"standard","meta":{"footnotes":""},"categories":[39],"tags":[63,67],"class_list":{"0":"post-6475","1":"post","2":"type-post","3":"status-publish","4":"format-standard","5":"has-post-thumbnail","7":"category-futbol","8":"tag-futbol","9":"tag-ultima-hora"},"aioseo_notices":[],"_links":{"self":[{"href":"https:\/\/tenistenis.com\/index.php\/wp-json\/wp\/v2\/posts\/6475","targetHints":{"allow":["GET"]}}],"collection":[{"href":"https:\/\/tenistenis.com\/index.php\/wp-json\/wp\/v2\/posts"}],"about":[{"href":"https:\/\/tenistenis.com\/index.php\/wp-json\/wp\/v2\/types\/post"}],"author":[{"embeddable":true,"href":"https:\/\/tenistenis.com\/index.php\/wp-json\/wp\/v2\/users\/1"}],"replies":[{"embeddable":true,"href":"https:\/\/tenistenis.com\/index.php\/wp-json\/wp\/v2\/comments?post=6475"}],"version-history":[{"count":1,"href":"https:\/\/tenistenis.com\/index.php\/wp-json\/wp\/v2\/posts\/6475\/revisions"}],"predecessor-version":[{"id":6482,"href":"https:\/\/tenistenis.com\/index.php\/wp-json\/wp\/v2\/posts\/6475\/revisions\/6482"}],"wp:featuredmedia":[{"embeddable":true,"href":"https:\/\/tenistenis.com\/index.php\/wp-json\/wp\/v2\/media\/6478"}],"wp:attachment":[{"href":"https:\/\/tenistenis.com\/index.php\/wp-json\/wp\/v2\/media?parent=6475"}],"wp:term":[{"taxonomy":"category","embeddable":true,"href":"https:\/\/tenistenis.com\/index.php\/wp-json\/wp\/v2\/categories?post=6475"},{"taxonomy":"post_tag","embeddable":true,"href":"https:\/\/tenistenis.com\/index.php\/wp-json\/wp\/v2\/tags?post=6475"}],"curies":[{"name":"wp","href":"https:\/\/api.w.org\/{rel}","templated":true}]}}