{"id":6442,"date":"2025-11-27T21:38:51","date_gmt":"2025-11-27T21:38:51","guid":{"rendered":"https:\/\/tenistenis.com\/?p=6442"},"modified":"2025-11-28T18:18:36","modified_gmt":"2025-11-28T18:18:36","slug":"jardine-explota-contra-el-arbitraje-tras-el-2-0-en-monterrey-fue-una-verguenza","status":"publish","type":"post","link":"https:\/\/tenistenis.com\/index.php\/2025\/11\/27\/jardine-explota-contra-el-arbitraje-tras-el-2-0-en-monterrey-fue-una-verguenza\/","title":{"rendered":"Jardine explota contra el arbitraje tras el 2-0 en Monterrey: &#8220;Fue una verg\u00fcenza&#8221;"},"content":{"rendered":"\n<p>El Am\u00e9rica sali\u00f3 del Estadio BBVA con bronca, frustraci\u00f3n y una derrota 2-0 ante Rayados en la ida de los cuartos de final. Pero la molestia no fue solo por el marcador:&nbsp;<strong>Andr\u00e9 Jardine arremeti\u00f3 con fuerza contra el trabajo del \u00e1rbitro Jes\u00fas Rafael L\u00f3pez<\/strong>, a quien calific\u00f3 de &#8220;vergonzoso&#8221;.<\/p>\n\n\n\n<p>El t\u00e9cnico azulcrema asegur\u00f3 haber revisado las jugadas pol\u00e9micas antes de hablar con la prensa:<br><strong>&#8220;Acabo de mirar las entradas, estoy un poco tocado. Si hablamos de lo que pienso, no va a sumar&#8230; pero apenas voy a comentar que el tema arbitral, en mi visi\u00f3n, fue una verg\u00fcenza.&#8221;<\/strong><\/p>\n\n\n\n<p>Entre las acciones que generaron molestia en el club destac\u00f3 una dura entrada de&nbsp;<strong>Jes\u00fas &#8216;Tecatito&#8217; Corona sobre \u00c1lvaro Fidalgo<\/strong>, que no recibi\u00f3 tarjeta y que, para Jardine, dej\u00f3 claro el criterio desigual del silbante.<\/p>\n\n\n\n<p>Aun as\u00ed, el entrenador reconoci\u00f3 que la diferencia del marcador termin\u00f3 pasando por la&nbsp;<strong>contundencia de Monterrey<\/strong>:<br><strong>&#8220;La contundencia de Monterrey acab\u00f3 marcando la diferencia. Fue un partido equilibrado&#8230; produjimos un par de chances, pero el 0-0 o 1-0 podr\u00eda ser lo m\u00e1s justo.&#8221;<\/strong><\/p>\n\n\n\n<p>Pese al golpe, Jardine se mostr\u00f3 confiado de cara a la vuelta:<br><strong>&#8220;Este equipo tiene confianza en lo que podemos hacer. Hay un rival importante, pero para estos momentos estamos hechos. Veremos a un equipo con hambre hasta el \u00faltimo minuto.&#8221;<\/strong><\/p>\n\n\n\n<p><strong>Allan Saint-Maximin apunta a reaparecer en la vuelta<\/strong><\/p>\n\n\n\n<p>El t\u00e9cnico tambi\u00e9n explic\u00f3 la ausencia de&nbsp;<strong>Allan Saint-Maximin<\/strong>, quien no viaj\u00f3 con el equipo debido a un cuadro de influenza.<\/p>\n\n\n\n<p><strong>&#8220;Tuvo un virus que complica&#8230; no pudo entrenar m\u00e1s de dos o tres d\u00edas, tuvo dolor de cuerpo. Determinamos dejarlo. Imagino que estar\u00e1 para la vuelta.&#8221;<\/strong><\/p>\n\n\n\n<p>El franc\u00e9s se enferm\u00f3 previo al viaje a Monterrey y no pudo acompa\u00f1ar al plantel, que ahora deber\u00e1 buscar la remontada en el Estadio Azteca para mantenerse con vida en la Liguilla.<\/p>\n","protected":false},"excerpt":{"rendered":"<p>El Am\u00e9rica sali\u00f3 del Estadio BBVA con bronca, frustraci\u00f3n y una derrota 2-0 ante Rayados en la ida de los cuartos de final. Pero la molestia no fue solo por el marcador:&nbsp;Andr\u00e9 Jardine arremeti\u00f3 con fuerza contra el trabajo del \u00e1rbitro Jes\u00fas Rafael L\u00f3pez, a quien calific\u00f3 de &#8220;vergonzoso&#8221;. El t\u00e9cnico azulcrema asegur\u00f3 haber revisado [&hellip;]<\/p>\n","protected":false},"author":30,"featured_media":6443,"comment_status":"closed","ping_status":"closed","sticky":true,"template":"","format":"standard","meta":{"footnotes":""},"categories":[39],"tags":[63,67],"class_list":{"0":"post-6442","1":"post","2":"type-post","3":"status-publish","4":"format-standard","5":"has-post-thumbnail","7":"category-futbol","8":"tag-futbol","9":"tag-ultima-hora"},"aioseo_notices":[],"_links":{"self":[{"href":"https:\/\/tenistenis.com\/index.php\/wp-json\/wp\/v2\/posts\/6442","targetHints":{"allow":["GET"]}}],"collection":[{"href":"https:\/\/tenistenis.com\/index.php\/wp-json\/wp\/v2\/posts"}],"about":[{"href":"https:\/\/tenistenis.com\/index.php\/wp-json\/wp\/v2\/types\/post"}],"author":[{"embeddable":true,"href":"https:\/\/tenistenis.com\/index.php\/wp-json\/wp\/v2\/users\/30"}],"replies":[{"embeddable":true,"href":"https:\/\/tenistenis.com\/index.php\/wp-json\/wp\/v2\/comments?post=6442"}],"version-history":[{"count":1,"href":"https:\/\/tenistenis.com\/index.php\/wp-json\/wp\/v2\/posts\/6442\/revisions"}],"predecessor-version":[{"id":6444,"href":"https:\/\/tenistenis.com\/index.php\/wp-json\/wp\/v2\/posts\/6442\/revisions\/6444"}],"wp:featuredmedia":[{"embeddable":true,"href":"https:\/\/tenistenis.com\/index.php\/wp-json\/wp\/v2\/media\/6443"}],"wp:attachment":[{"href":"https:\/\/tenistenis.com\/index.php\/wp-json\/wp\/v2\/media?parent=6442"}],"wp:term":[{"taxonomy":"category","embeddable":true,"href":"https:\/\/tenistenis.com\/index.php\/wp-json\/wp\/v2\/categories?post=6442"},{"taxonomy":"post_tag","embeddable":true,"href":"https:\/\/tenistenis.com\/index.php\/wp-json\/wp\/v2\/tags?post=6442"}],"curies":[{"name":"wp","href":"https:\/\/api.w.org\/{rel}","templated":true}]}}