{"id":6132,"date":"2025-04-03T19:47:35","date_gmt":"2025-04-03T19:47:35","guid":{"rendered":"https:\/\/tenistenis.com\/?p=6132"},"modified":"2025-04-03T19:47:36","modified_gmt":"2025-04-03T19:47:36","slug":"el-tul-en-primavera-una-tendencia-que-florece-con-estilo","status":"publish","type":"post","link":"https:\/\/tenistenis.com\/index.php\/2025\/04\/03\/el-tul-en-primavera-una-tendencia-que-florece-con-estilo\/","title":{"rendered":"EL TUL EN PRIMAVERA: UNA TENDENCIA QUE FLORECE CON ESTILO"},"content":{"rendered":"\n<p>FOTO: MARY LEEST SEMANA DE LA MODA MIL\u00c1N BLUSA DE TUL BLANCO<br>La llegada de la primavera siempre invita a renovar el guardarropa, y este a\u00f1o, el tul se presenta como la estrella indiscutible de la temporada. Con su textura et\u00e9rea y su capacidad para aportar un toque de romanticismo y sofisticaci\u00f3n, el tul se ha convertido en la opci\u00f3n preferida tanto para dise\u00f1adores como para quienes buscan a\u00f1adir un detalle \u00fanico y femenino a sus conjuntos.<br>Hist\u00f3ricamente, el tul ha sido un material asociado a la elegancia de vestidos de gala y ocasiones especiales. Sin embargo, en la moda actual, se ha reinventado de maneras sorprendentes. Los estilistas han logrado transformar este tejido en un elemento vers\u00e1til que puede ser tanto el protagonista de un look sofisticado como un sutil complemento en prendas casuales.<br>\u00bfQU\u00c9 HACE TAN EMBLEM\u00c1TICA ESTA TELA?<br>El tul destaca por su ligereza y transparencia, caracter\u00edsticas que lo hacen ideales para la estaci\u00f3n primaveral. Su estructura delicada permite jugar con capas y vol\u00famenes, creando siluetas fluidas y et\u00e9reas que se adaptan a diferentes estilos. Adem\u00e1s, la amplia gama de colores en la que se presenta este material facilita la integraci\u00f3n de piezas en diversos tonos, desde los pasteles m\u00e1s suaves hasta colores vibrantes que aportan un toque de modernidad.<br>En primavera, los vestidos y faldas con detalles en tul se han convertido en un must-have. Los dise\u00f1os que combinan el tul con tejidos m\u00e1s estructurados ofrecen un equilibrio perfecto entre lo rom\u00e1ntico y lo contempor\u00e1neo. Los estampados florales y las transparencias estrat\u00e9gicas son tendencias que resaltan la esencia de la temporada, evocando la ligereza y el renacer de la naturaleza.<br>El tul tambi\u00e9n se adapta a la tendencia de las capas. Chaquetas, blusas y accesorios que incorporan este tejido aportan una dimensi\u00f3n extra a cualquier conjunto. Un kimono de tul sobre una camiseta b\u00e1sica o una falda de tul combinada con accesorios minimalistas son opciones que permiten experimentar con texturas y crear looks sofisticados sin esfuerzo.<\/p>\n\n\n\n<figure class=\"wp-block-image size-large is-resized\"><img loading=\"lazy\" decoding=\"async\" width=\"683\" height=\"1024\" src=\"http:\/\/tenistenis.com\/wp-content\/uploads\/2025\/04\/EL-TUL-MODA-EN-PRIMAVERA2-683x1024.jpg\" alt=\"\" class=\"wp-image-6134\" style=\"width:1047px;height:auto\" srcset=\"https:\/\/tenistenis.com\/wp-content\/uploads\/2025\/04\/EL-TUL-MODA-EN-PRIMAVERA2-683x1024.jpg 683w, https:\/\/tenistenis.com\/wp-content\/uploads\/2025\/04\/EL-TUL-MODA-EN-PRIMAVERA2-200x300.jpg 200w, https:\/\/tenistenis.com\/wp-content\/uploads\/2025\/04\/EL-TUL-MODA-EN-PRIMAVERA2-768x1152.jpg 768w, https:\/\/tenistenis.com\/wp-content\/uploads\/2025\/04\/EL-TUL-MODA-EN-PRIMAVERA2-280x420.jpg 280w, https:\/\/tenistenis.com\/wp-content\/uploads\/2025\/04\/EL-TUL-MODA-EN-PRIMAVERA2-696x1044.jpg 696w, https:\/\/tenistenis.com\/wp-content\/uploads\/2025\/04\/EL-TUL-MODA-EN-PRIMAVERA2.jpg 980w\" sizes=\"auto, (max-width: 683px) 100vw, 683px\" \/><\/figure>\n\n\n\n<p>FOTO: DESFILE ESBER PRIMAVERA-VERANO 2025<br>La clave para vestir con tul esta primavera est\u00e1 en la combinaci\u00f3n de lo cl\u00e1sico con lo moderno. Contrastar el tul con elementos deportivos o con piezas de corte estructurado aporta dinamismo al look. Asimismo, el uso de colores contrastantes en accesorios y zapatos puede resaltar a\u00fan m\u00e1s la textura y la delicadeza de este tejido.<br>CONSEJOS PARA LLEVAR EL TUL CON CONFIANZA<br>Capas y Transparencias: No temas superponer piezas. Una blusa de tul puede ser la base perfecta para un look que combine modernidad y romanticismo.<\/p>\n\n\n\n<p><\/p>\n\n\n\n<p><\/p>\n\n\n\n<figure class=\"wp-block-image size-full is-resized\"><img loading=\"lazy\" decoding=\"async\" width=\"960\" height=\"960\" src=\"http:\/\/tenistenis.com\/wp-content\/uploads\/2025\/04\/EL-TUL-MODA-EN-PRIMAVERA3.jpg\" alt=\"\" class=\"wp-image-6133\" style=\"width:1047px;height:auto\" srcset=\"https:\/\/tenistenis.com\/wp-content\/uploads\/2025\/04\/EL-TUL-MODA-EN-PRIMAVERA3.jpg 960w, https:\/\/tenistenis.com\/wp-content\/uploads\/2025\/04\/EL-TUL-MODA-EN-PRIMAVERA3-300x300.jpg 300w, https:\/\/tenistenis.com\/wp-content\/uploads\/2025\/04\/EL-TUL-MODA-EN-PRIMAVERA3-150x150.jpg 150w, https:\/\/tenistenis.com\/wp-content\/uploads\/2025\/04\/EL-TUL-MODA-EN-PRIMAVERA3-768x768.jpg 768w, https:\/\/tenistenis.com\/wp-content\/uploads\/2025\/04\/EL-TUL-MODA-EN-PRIMAVERA3-420x420.jpg 420w, https:\/\/tenistenis.com\/wp-content\/uploads\/2025\/04\/EL-TUL-MODA-EN-PRIMAVERA3-696x696.jpg 696w\" sizes=\"auto, (max-width: 960px) 100vw, 960px\" \/><\/figure>\n\n\n\n<p>FOTO: TUL OSCAR DE LA RENTA<br>Contraste de Texturas: Mezclar el tul con tejidos opacos o estructurados crea un juego interesante entre luz y sombra en tu outfit.<br>Accesorios Sutiles: Al elegir prendas con detalles en tul, opta por accesorios minimalistas que no compitan con la delicadeza del tejido.<br>Colores en Tendencia: Aprovecha la paleta primaveral. Los tonos pastel, combinados con matices neutros o acentuados con un toque de color vibrante, son ideales para esta temporada.<br>El tul, con su encanto atemporal y su capacidad para reinventarse, se posiciona como uno de los tejidos m\u00e1s emblem\u00e1ticos de la primavera. Su versatilidad permite crear looks que van desde lo m\u00e1s rom\u00e1ntico y et\u00e9reo hasta propuestas urbanas y contempor\u00e1neas, adapt\u00e1ndose a todos los gustos y ocasiones.<br>Esta temporada, deja que el tul sea el lienzo en el que plasmes tu creatividad y estilo, y vive la primavera con una dosis extra de elegancia y originalidad.<\/p>\n","protected":false},"excerpt":{"rendered":"<p>FOTO: MARY LEEST SEMANA DE LA MODA MIL\u00c1N BLUSA DE TUL BLANCOLa llegada de la primavera siempre invita a renovar el guardarropa, y este a\u00f1o, el tul se presenta como la estrella indiscutible de la temporada. Con su textura et\u00e9rea y su capacidad para aportar un toque de romanticismo y sofisticaci\u00f3n, el tul se ha [&hellip;]<\/p>\n","protected":false},"author":6,"featured_media":6135,"comment_status":"closed","ping_status":"closed","sticky":true,"template":"","format":"standard","meta":{"footnotes":""},"categories":[41],"tags":[62],"class_list":{"0":"post-6132","1":"post","2":"type-post","3":"status-publish","4":"format-standard","5":"has-post-thumbnail","7":"category-moda-actual","8":"tag-fashion"},"aioseo_notices":[],"_links":{"self":[{"href":"https:\/\/tenistenis.com\/index.php\/wp-json\/wp\/v2\/posts\/6132","targetHints":{"allow":["GET"]}}],"collection":[{"href":"https:\/\/tenistenis.com\/index.php\/wp-json\/wp\/v2\/posts"}],"about":[{"href":"https:\/\/tenistenis.com\/index.php\/wp-json\/wp\/v2\/types\/post"}],"author":[{"embeddable":true,"href":"https:\/\/tenistenis.com\/index.php\/wp-json\/wp\/v2\/users\/6"}],"replies":[{"embeddable":true,"href":"https:\/\/tenistenis.com\/index.php\/wp-json\/wp\/v2\/comments?post=6132"}],"version-history":[{"count":1,"href":"https:\/\/tenistenis.com\/index.php\/wp-json\/wp\/v2\/posts\/6132\/revisions"}],"predecessor-version":[{"id":6136,"href":"https:\/\/tenistenis.com\/index.php\/wp-json\/wp\/v2\/posts\/6132\/revisions\/6136"}],"wp:featuredmedia":[{"embeddable":true,"href":"https:\/\/tenistenis.com\/index.php\/wp-json\/wp\/v2\/media\/6135"}],"wp:attachment":[{"href":"https:\/\/tenistenis.com\/index.php\/wp-json\/wp\/v2\/media?parent=6132"}],"wp:term":[{"taxonomy":"category","embeddable":true,"href":"https:\/\/tenistenis.com\/index.php\/wp-json\/wp\/v2\/categories?post=6132"},{"taxonomy":"post_tag","embeddable":true,"href":"https:\/\/tenistenis.com\/index.php\/wp-json\/wp\/v2\/tags?post=6132"}],"curies":[{"name":"wp","href":"https:\/\/api.w.org\/{rel}","templated":true}]}}