{"id":6020,"date":"2025-03-02T04:09:45","date_gmt":"2025-03-02T04:09:45","guid":{"rendered":"https:\/\/tenistenis.com\/?p=6020"},"modified":"2025-03-02T04:09:46","modified_gmt":"2025-03-02T04:09:46","slug":"gran-final-del-abierto-mexicano-telcel","status":"publish","type":"post","link":"https:\/\/tenistenis.com\/index.php\/2025\/03\/02\/gran-final-del-abierto-mexicano-telcel\/","title":{"rendered":"GRAN FINAL DEL ABIERTO MEXICANO TELCEL"},"content":{"rendered":"\n<p>Se est\u00e1 jugando la gran final del Abierto Mexicano Telcel, estamos viendo a los finalistas Tomas Machac y Alejandro Davidovich Fokina, el primer set 6-6 <\/p>\n\n\n\n<p>El checo\u00a0<strong>Tomas Machac y el espa\u00f1ol Alejandro Davidovich Fokina<\/strong>\u00a0disputan la\u00a0<strong>final del Abierto Mexicano de tenis,\u00a0<\/strong>en el balneario de Acapulco, tras eliminar el viernes en semifinales al estadounidense Brandon Nakashima y al canadiense Denis Shapovalov, respectivamente.<\/p>\n\n\n\n<p>A sus 24 a\u00f1os, Machac buscar\u00e1 su primer t\u00edtulo en el tour de la ATP. La de Acapulco ser\u00e1 su segunda final; la primera la perdi\u00f3 en el torneo de Ginebra-2024.<\/p>\n\n\n\n<p>Davidovich Fokina, un a\u00f1o mayor, tambi\u00e9n tratar\u00e1 de ce\u00f1irse su primera corona. La del Abierto Mexicano ser\u00e1 su tercera final: perdi\u00f3 la del Masters 1000 de Montecarlo-2022 y la de Delray Beach-2025.<\/p>\n\n\n\n<figure class=\"wp-block-embed is-type-video is-provider-youtube wp-block-embed-youtube wp-embed-aspect-16-9 wp-has-aspect-ratio\"><div class=\"wp-block-embed__wrapper\">\n<iframe loading=\"lazy\" title=\"Abierto Mexicano de Tenis ATP 500 | Main Draw 2025 | #Tennis Point Channel\" width=\"696\" height=\"392\" src=\"https:\/\/www.youtube.com\/embed\/IIjifeuP2G4?feature=oembed\" frameborder=\"0\" allow=\"accelerometer; autoplay; clipboard-write; encrypted-media; gyroscope; picture-in-picture; web-share\" referrerpolicy=\"strict-origin-when-cross-origin\" allowfullscreen><\/iframe>\n<\/div><\/figure>\n\n\n\n<figure class=\"wp-block-image size-large is-resized\"><img loading=\"lazy\" decoding=\"async\" width=\"689\" height=\"1024\" src=\"https:\/\/tenistenis.com\/wp-content\/uploads\/2025\/03\/image-2-689x1024.png\" alt=\"\" class=\"wp-image-6021\" style=\"width:1046px;height:auto\" srcset=\"https:\/\/tenistenis.com\/wp-content\/uploads\/2025\/03\/image-2-689x1024.png 689w, https:\/\/tenistenis.com\/wp-content\/uploads\/2025\/03\/image-2-202x300.png 202w, https:\/\/tenistenis.com\/wp-content\/uploads\/2025\/03\/image-2-282x420.png 282w, https:\/\/tenistenis.com\/wp-content\/uploads\/2025\/03\/image-2-696x1035.png 696w, https:\/\/tenistenis.com\/wp-content\/uploads\/2025\/03\/image-2.png 768w\" sizes=\"auto, (max-width: 689px) 100vw, 689px\" \/><\/figure>\n\n\n\n<p>Tomas Machac est\u00e1 disputando el abierto de Acapulco.<\/p>\n\n\n\n<figure class=\"wp-block-image size-large is-resized\"><img loading=\"lazy\" decoding=\"async\" width=\"762\" height=\"1024\" src=\"https:\/\/tenistenis.com\/wp-content\/uploads\/2025\/03\/image-3-762x1024.png\" alt=\"\" class=\"wp-image-6022\" style=\"width:1047px;height:auto\" srcset=\"https:\/\/tenistenis.com\/wp-content\/uploads\/2025\/03\/image-3-762x1024.png 762w, https:\/\/tenistenis.com\/wp-content\/uploads\/2025\/03\/image-3-223x300.png 223w, https:\/\/tenistenis.com\/wp-content\/uploads\/2025\/03\/image-3-313x420.png 313w, https:\/\/tenistenis.com\/wp-content\/uploads\/2025\/03\/image-3-696x935.png 696w, https:\/\/tenistenis.com\/wp-content\/uploads\/2025\/03\/image-3.png 768w\" sizes=\"auto, (max-width: 762px) 100vw, 762px\" \/><\/figure>\n\n\n\n<p>El espa\u00f1ol Alejandro Davidovich Fokina \/ AFP<\/p>\n","protected":false},"excerpt":{"rendered":"<p>Se est\u00e1 jugando la gran final del Abierto Mexicano Telcel, estamos viendo a los finalistas Tomas Machac y Alejandro Davidovich Fokina, el primer set 6-6 El checo\u00a0Tomas Machac y el espa\u00f1ol Alejandro Davidovich Fokina\u00a0disputan la\u00a0final del Abierto Mexicano de tenis,\u00a0en el balneario de Acapulco, tras eliminar el viernes en semifinales al estadounidense Brandon Nakashima y [&hellip;]<\/p>\n","protected":false},"author":1,"featured_media":6022,"comment_status":"closed","ping_status":"closed","sticky":true,"template":"","format":"standard","meta":{"footnotes":""},"categories":[60,5],"tags":[22],"class_list":{"0":"post-6020","1":"post","2":"type-post","3":"status-publish","4":"format-standard","5":"has-post-thumbnail","7":"category-abierto-mexicano-telcel","8":"category-tenis-atp","9":"tag-tenis"},"aioseo_notices":[],"_links":{"self":[{"href":"https:\/\/tenistenis.com\/index.php\/wp-json\/wp\/v2\/posts\/6020","targetHints":{"allow":["GET"]}}],"collection":[{"href":"https:\/\/tenistenis.com\/index.php\/wp-json\/wp\/v2\/posts"}],"about":[{"href":"https:\/\/tenistenis.com\/index.php\/wp-json\/wp\/v2\/types\/post"}],"author":[{"embeddable":true,"href":"https:\/\/tenistenis.com\/index.php\/wp-json\/wp\/v2\/users\/1"}],"replies":[{"embeddable":true,"href":"https:\/\/tenistenis.com\/index.php\/wp-json\/wp\/v2\/comments?post=6020"}],"version-history":[{"count":1,"href":"https:\/\/tenistenis.com\/index.php\/wp-json\/wp\/v2\/posts\/6020\/revisions"}],"predecessor-version":[{"id":6023,"href":"https:\/\/tenistenis.com\/index.php\/wp-json\/wp\/v2\/posts\/6020\/revisions\/6023"}],"wp:featuredmedia":[{"embeddable":true,"href":"https:\/\/tenistenis.com\/index.php\/wp-json\/wp\/v2\/media\/6022"}],"wp:attachment":[{"href":"https:\/\/tenistenis.com\/index.php\/wp-json\/wp\/v2\/media?parent=6020"}],"wp:term":[{"taxonomy":"category","embeddable":true,"href":"https:\/\/tenistenis.com\/index.php\/wp-json\/wp\/v2\/categories?post=6020"},{"taxonomy":"post_tag","embeddable":true,"href":"https:\/\/tenistenis.com\/index.php\/wp-json\/wp\/v2\/tags?post=6020"}],"curies":[{"name":"wp","href":"https:\/\/api.w.org\/{rel}","templated":true}]}}