{"id":5375,"date":"2024-11-18T21:14:36","date_gmt":"2024-11-18T21:14:36","guid":{"rendered":"https:\/\/tenistenis.com\/?p=5375"},"modified":"2024-11-18T21:14:36","modified_gmt":"2024-11-18T21:14:36","slug":"el-polemico-nombramiento-de-la-mujer-del-ano-que-recibio-angela-aguilar","status":"publish","type":"post","link":"https:\/\/tenistenis.com\/index.php\/2024\/11\/18\/el-polemico-nombramiento-de-la-mujer-del-ano-que-recibio-angela-aguilar\/","title":{"rendered":"EL POL\u00c9MICO NOMBRAMIENTO DE \u201cLA MUJER DEL A\u00d1O\u201d QUE RECIBI\u00d3 \u00c1NGELA AGUILAR"},"content":{"rendered":"\n<p>Desde hace unas semanas la cantante mexicana \u00c1ngela Aguilar ha estado en el ojo del hurac\u00e1n, algo que ya no es sorpresa debido a la relaci\u00f3n sentimental que tiene con Christian Nodal y que desde su inicio ha sido motivo de morbo y chisme entre el p\u00fablico, tanto por los fieles seguidores de Aguilar o de la pareja, o de quienes est\u00e1n en contra de esa historia de amor que al parecer surgi\u00f3 de una infidelidad de parte de Nodal hacia la cantante argentina Cazzu y madre de su hija.<br>Estas mismas controversias que ha generado la pareja han logrado que muchas personas en su mayor\u00eda est\u00e9n en contra de su matrimonio, y que critiquen de manera negativa a la joven cantante.<br>Por lo que la noticia que tiene a \u00c1ngela en la pol\u00e9mica en estos \u00faltimos d\u00edas surge de su nombramiento como \u201cMujer del a\u00f1o\u201d, por parte de la revista Glamour.<br>Desde el instante que se supo sobre este t\u00edtulo por parte del medio de informaci\u00f3n para la cantante, un sin n\u00famero de cr\u00edticas en contra surgieron sobre ella, pues debido a su comportamiento sobre su manera de iniciar la relaci\u00f3n sentimental con Nodal, su matrimonio e incluso el que en su carrera en la m\u00fasica no sea tan exitosa como se supone, logr\u00f3 que la mayor\u00eda del p\u00fablico mencionaran \u201cque era una broma, y que no se merece ese t\u00edtulo\u201d.<br>Sin dejar de mencionar las suposiciones que sentencian que la ayuda de la familia de Aguilar es la que est\u00e1 detr\u00e1s de este t\u00edtulo que la revista le dio, pues no es la primera vez que se rumorea que el padre de Aguilar es quien la apoya en todo para que su carrera se mantenga, inclusive el mismo matrimonio se dice que fue Pepe Aguilar quien de cierta forma \u201cforz\u00f3\u201d, a Nodal a tomar esta decisi\u00f3n.<\/p>\n\n\n\n<figure class=\"wp-block-embed is-type-video is-provider-youtube wp-block-embed-youtube wp-embed-aspect-16-9 wp-has-aspect-ratio\"><div class=\"wp-block-embed__wrapper\">\n <iframe loading=\"lazy\" title=\"Yuridia, \u00c1ngela Aguilar - Qu\u00e9 Agon\u00eda (Video Oficial)\" width=\"696\" height=\"392\" src=\"https:\/\/www.youtube.com\/embed\/Q8xIa7KcI1A?feature=oembed\" frameborder=\"0\" allow=\"accelerometer; autoplay; clipboard-write; encrypted-media; gyroscope; picture-in-picture; web-share\" referrerpolicy=\"strict-origin-when-cross-origin\" allowfullscreen><\/iframe>\n<\/div><\/figure>\n\n\n\n<p><br><\/p>\n\n\n\n<figure class=\"wp-block-image size-large\"><img loading=\"lazy\" decoding=\"async\" width=\"1024\" height=\"576\" src=\"http:\/\/tenistenis.com\/wp-content\/uploads\/2024\/11\/ANGELAAGUILARCOMOMUJERDELANOPOLEMICA2-1-1024x576.jpg\" alt=\"\" class=\"wp-image-5377\" srcset=\"https:\/\/tenistenis.com\/wp-content\/uploads\/2024\/11\/ANGELAAGUILARCOMOMUJERDELANOPOLEMICA2-1-1024x576.jpg 1024w, https:\/\/tenistenis.com\/wp-content\/uploads\/2024\/11\/ANGELAAGUILARCOMOMUJERDELANOPOLEMICA2-1-300x169.jpg 300w, https:\/\/tenistenis.com\/wp-content\/uploads\/2024\/11\/ANGELAAGUILARCOMOMUJERDELANOPOLEMICA2-1-768x432.jpg 768w, https:\/\/tenistenis.com\/wp-content\/uploads\/2024\/11\/ANGELAAGUILARCOMOMUJERDELANOPOLEMICA2-1.jpg 1280w\" sizes=\"auto, (max-width: 1024px) 100vw, 1024px\" \/><\/figure>\n\n\n\n<p><br><\/p>\n\n\n\n<p>TRAS LAS CR\u00cdTICAS LA REVISTA OCULT\u00d3 EL NOMBRAMIENTO DE AGUILAR<br>La revista Glamour conocida por dirigirse a una audiencia femenina y colocando el empoderamiento como estandarte de su editorial, recibi\u00f3 varios comentarios negativos alrededor de este t\u00edtulo para Aguilar, por lo que en un momento se pens\u00f3 que la revista le hab\u00eda retirado este nombramiento ya que la portada que protagoniza Aguilar como mujer del a\u00f1o, fue retirada del IG de la editorial.<br>Y es que este descontento por parte de los seguidores lleg\u00f3 al extremo de recabar firmas en change.org, para quitarle este nombramiento a Aguilar, reuniendo hasta m\u00e1s de 600 mil firmas.<br>Al parecer \u00c1ngela se suma a otras mujeres m\u00e1s que est\u00e1n en la lista de esta revista, pero la \u00fanica petici\u00f3n para que sea eliminada es la de la int\u00e9rprete de \u201cQu\u00e9 agon\u00eda\u201d, por su parte la revista no dio declaraci\u00f3n o respuesta a estas cr\u00edticas, solo elimin\u00f3 la portada de Aguilar, pero dej\u00f3 las dem\u00e1s publicaciones donde aparece la mexicana con otras mujeres de la lista.<\/p>\n\n\n\n<figure class=\"wp-block-image size-full\"><img loading=\"lazy\" decoding=\"async\" width=\"921\" height=\"614\" src=\"http:\/\/tenistenis.com\/wp-content\/uploads\/2024\/11\/ANGELAAGUILARCOMOMUJERDELANOPOLEMICA3.png\" alt=\"\" class=\"wp-image-5376\" srcset=\"https:\/\/tenistenis.com\/wp-content\/uploads\/2024\/11\/ANGELAAGUILARCOMOMUJERDELANOPOLEMICA3.png 921w, https:\/\/tenistenis.com\/wp-content\/uploads\/2024\/11\/ANGELAAGUILARCOMOMUJERDELANOPOLEMICA3-300x200.png 300w, https:\/\/tenistenis.com\/wp-content\/uploads\/2024\/11\/ANGELAAGUILARCOMOMUJERDELANOPOLEMICA3-768x512.png 768w\" sizes=\"auto, (max-width: 921px) 100vw, 921px\" \/><\/figure>\n\n\n\n<p>A PESAR DE LAS CR\u00cdTICAS AGUILAR SEGUIR\u00c1 CON EL T\u00cdTULO<\/p>\n\n\n\n<p>A pesar de las cr\u00edticas en contra de esta revista y su nombramiento a la cantante, los eventos alrededor de este t\u00edtulo siguieron su curso con todo y \u00c1ngela Aguilar muy a pesar de sus haters, pues el pasado 13 de noviembre se llev\u00f3 a cabo en un hotel de la Ciudad de M\u00e9xico la premiaci\u00f3n de dicho t\u00edtulo, en donde lleg\u00f3 acompa\u00f1ada de Nodal, pero evit\u00f3 a la prensa y la alfombra dorada que daba la bienvenida a las estrellas del evento.<br>En dicho evento, Farah Slim, jefa de contenidos editoriales de Glamour M\u00e9xico y Latinoam\u00e9rica, fue la encargada de entregarle el reconocimiento.<br>Seg\u00fan explic\u00f3 Slim, el premio \u201cMujer del A\u00f1o\u201d est\u00e1 dedicado a mujeres que han logrado derribar barreras y motivar el cambio, inspirando a su audiencia con su fuerza y compromiso para mejorar el mundo. Destac\u00f3 que \u00c1ngela, quien ha obtenido dos nominaciones a los Latin Grammy 2024 por su disco Bolero y por la canci\u00f3n \u201cPor El Contrario,\u201d representa estas cualidades en la escena musical, especialmente en el g\u00e9nero regional mexicano, donde ha encontrado su propio estilo y ha desafiado una industria hist\u00f3ricamente dominada por hombres.<br>Al recibir el premio, la cantante agradeci\u00f3 con un discurso en el que mencion\u00f3 a su padre y a todas las personas que han apoyado su carrera, especialmente a Christian Nodal.<br>Record\u00f3 el privilegio de haber nacido en una familia de m\u00fasicos y expres\u00f3 su gratitud hacia todas las mujeres que allanaron el camino para que ella llegara hasta este punto. Recordando tambi\u00e9n a su abuela Flor Silvestre, con una de sus frases: \u201cGracias a la vida que me ha dado tanto.\u201d<\/p>\n\n\n\n<figure class=\"wp-block-embed is-type-video is-provider-youtube wp-block-embed-youtube wp-embed-aspect-16-9 wp-has-aspect-ratio\"><div class=\"wp-block-embed__wrapper\">\n<iframe loading=\"lazy\" title=\"Christian Nodal, \u00c1ngela Aguilar - Dime C\u00f3mo Quieres (Video Oficial)\" width=\"696\" height=\"392\" src=\"https:\/\/www.youtube.com\/embed\/Ge4AKbnr6ME?feature=oembed\" frameborder=\"0\" allow=\"accelerometer; autoplay; clipboard-write; encrypted-media; gyroscope; picture-in-picture; web-share\" referrerpolicy=\"strict-origin-when-cross-origin\" allowfullscreen><\/iframe>\n<\/div><\/figure>\n","protected":false},"excerpt":{"rendered":"<p>Desde hace unas semanas la cantante mexicana \u00c1ngela Aguilar ha estado en el ojo del hurac\u00e1n, algo que ya no es sorpresa debido a la relaci\u00f3n sentimental que tiene con Christian Nodal y que desde su inicio ha sido motivo de morbo y chisme entre el p\u00fablico, tanto por los fieles seguidores de Aguilar o [&hellip;]<\/p>\n","protected":false},"author":13,"featured_media":5378,"comment_status":"open","ping_status":"open","sticky":true,"template":"","format":"standard","meta":{"footnotes":""},"categories":[26],"tags":[],"class_list":{"0":"post-5375","1":"post","2":"type-post","3":"status-publish","4":"format-standard","5":"has-post-thumbnail","7":"category-cultura"},"aioseo_notices":[],"_links":{"self":[{"href":"https:\/\/tenistenis.com\/index.php\/wp-json\/wp\/v2\/posts\/5375","targetHints":{"allow":["GET"]}}],"collection":[{"href":"https:\/\/tenistenis.com\/index.php\/wp-json\/wp\/v2\/posts"}],"about":[{"href":"https:\/\/tenistenis.com\/index.php\/wp-json\/wp\/v2\/types\/post"}],"author":[{"embeddable":true,"href":"https:\/\/tenistenis.com\/index.php\/wp-json\/wp\/v2\/users\/13"}],"replies":[{"embeddable":true,"href":"https:\/\/tenistenis.com\/index.php\/wp-json\/wp\/v2\/comments?post=5375"}],"version-history":[{"count":1,"href":"https:\/\/tenistenis.com\/index.php\/wp-json\/wp\/v2\/posts\/5375\/revisions"}],"predecessor-version":[{"id":5379,"href":"https:\/\/tenistenis.com\/index.php\/wp-json\/wp\/v2\/posts\/5375\/revisions\/5379"}],"wp:featuredmedia":[{"embeddable":true,"href":"https:\/\/tenistenis.com\/index.php\/wp-json\/wp\/v2\/media\/5378"}],"wp:attachment":[{"href":"https:\/\/tenistenis.com\/index.php\/wp-json\/wp\/v2\/media?parent=5375"}],"wp:term":[{"taxonomy":"category","embeddable":true,"href":"https:\/\/tenistenis.com\/index.php\/wp-json\/wp\/v2\/categories?post=5375"},{"taxonomy":"post_tag","embeddable":true,"href":"https:\/\/tenistenis.com\/index.php\/wp-json\/wp\/v2\/tags?post=5375"}],"curies":[{"name":"wp","href":"https:\/\/api.w.org\/{rel}","templated":true}]}}