{"id":5125,"date":"2024-10-09T22:35:08","date_gmt":"2024-10-09T22:35:08","guid":{"rendered":"https:\/\/tenistenis.com\/?p=5125"},"modified":"2024-10-09T22:35:08","modified_gmt":"2024-10-09T22:35:08","slug":"llega-el-show-michael-jackson-sinfonico-presentado-por-la-orquesta-sinfonica-de-mexico","status":"publish","type":"post","link":"https:\/\/tenistenis.com\/index.php\/2024\/10\/09\/llega-el-show-michael-jackson-sinfonico-presentado-por-la-orquesta-sinfonica-de-mexico\/","title":{"rendered":"LLEGA EL SHOW \u201cMICHAEL JACKSON SINF\u00d3NICO\u201d PRESENTADO POR LA ORQUESTA SINF\u00d3NICA DE M\u00c9XICO"},"content":{"rendered":"\n<p><\/p>\n\n\n\n<p>Son quince a\u00f1os desde la p\u00e9rdida del rey del pop, por lo que eventos para recordarlo y homenajearlo sobran en cualquier parte del mundo, por lo cual en este 2024 que est\u00e1 ya en sus \u00faltimos meses para acabar, llega a M\u00e9xico uno de esos shows que trae como protagonista justamente a Michael Jackson.<\/p>\n\n\n\n<p>Por lo cual, se ha dado a conocer que llegar\u00e1 un ensamble de voces de alto nivel y una fusi\u00f3n de distintos g\u00e9neros, que le dar\u00e1n vida al concierto que pisar\u00e1 el Auditorio Nacional en ejecuci\u00f3n de la Orquesta Sinf\u00f3nica de M\u00e9xico<\/p>\n\n\n\n<p>Fue el 25 de junio de 2009 cuando Michael Jackson, tambi\u00e9n conocido como el \u201cRey del pop\u201d, muri\u00f3 a los 50 a\u00f1os de edad, desde entonces su m\u00fasica ha seguido vigente entre sus fan\u00e1ticos y artistas que de vez en cuando le rinden un homenaje al cantante.<\/p>\n\n\n\n<p><strong>\u00bfC\u00daANDO Y D\u00d3NDE SE PRESENTAR\u00c1 EL SHOW SINF\u00d3NICO DE MJ?<\/strong><\/p>\n\n\n\n<figure class=\"wp-block-image size-full\"><img loading=\"lazy\" decoding=\"async\" width=\"680\" height=\"680\" src=\"https:\/\/tenistenis.com\/wp-content\/uploads\/2024\/10\/image-2.png\" alt=\"\" class=\"wp-image-5128\" srcset=\"https:\/\/tenistenis.com\/wp-content\/uploads\/2024\/10\/image-2.png 680w, https:\/\/tenistenis.com\/wp-content\/uploads\/2024\/10\/image-2-300x300.png 300w, https:\/\/tenistenis.com\/wp-content\/uploads\/2024\/10\/image-2-150x150.png 150w\" sizes=\"auto, (max-width: 680px) 100vw, 680px\" \/><\/figure>\n\n\n\n<p>Este concierto mostrar\u00e1 un lista de cl\u00e1sicos del desaparecido \u00edcono del pop que van del soul y funk, rock y dance. G\u00e9neros en los que MJ se desenvolvi\u00f3 a trav\u00e9s de su historia en la m\u00fasica y que logr\u00f3 una gran carrera y aceptaci\u00f3n del p\u00fablico<\/p>\n\n\n\n<figure class=\"wp-block-image size-full\"><img loading=\"lazy\" decoding=\"async\" width=\"800\" height=\"500\" src=\"https:\/\/tenistenis.com\/wp-content\/uploads\/2024\/10\/image.png\" alt=\"\" class=\"wp-image-5126\" srcset=\"https:\/\/tenistenis.com\/wp-content\/uploads\/2024\/10\/image.png 800w, https:\/\/tenistenis.com\/wp-content\/uploads\/2024\/10\/image-300x188.png 300w, https:\/\/tenistenis.com\/wp-content\/uploads\/2024\/10\/image-768x480.png 768w\" sizes=\"auto, (max-width: 800px) 100vw, 800px\" \/><\/figure>\n\n\n\n<p><\/p>\n\n\n\n<p>Sobre este proyecto, sus organizadores mencionan<strong>: &#8220;Este concierto que es un tributo es una vista panor\u00e1mica, no cronol\u00f3gica, de la carrera de Michael Jackson. Desde ni\u00f1o con los Jackson 5. Porque empez\u00f3 desde peque\u00f1o, y su talento fuera de serie que incluy\u00f3 el baile&#8221;.<\/strong><\/p>\n\n\n\n<p>Cabe destacar que la presentaci\u00f3n estar\u00e1 a cargo de la Orquesta Sinf\u00f3nica de M\u00e9xico, para ser presentada en el famoso recinto de reforma, bajo la direcci\u00f3n de Rodrigo Mac\u00edas, el cual se llevar\u00e1 a cabo el pr\u00f3ximo 2 de diciembre, hasta el momento esta es la \u00fanica fecha confirmada, pero tal vez se tengan previstas otras presentaciones m\u00e1s.<\/p>\n\n\n\n<p><strong>EL GRAN LEGADO DE MICHAEL JACKSON Y UN CONCIERTO PARA RECORDARLO<\/strong><\/p>\n\n\n\n<figure class=\"wp-block-image size-full\"><img loading=\"lazy\" decoding=\"async\" width=\"743\" height=\"492\" src=\"https:\/\/tenistenis.com\/wp-content\/uploads\/2024\/10\/image-1.png\" alt=\"\" class=\"wp-image-5127\" srcset=\"https:\/\/tenistenis.com\/wp-content\/uploads\/2024\/10\/image-1.png 743w, https:\/\/tenistenis.com\/wp-content\/uploads\/2024\/10\/image-1-300x199.png 300w\" sizes=\"auto, (max-width: 743px) 100vw, 743px\" \/><\/figure>\n\n\n\n<p>Michael Jackson naci\u00f3 en Gary, Indiana, en 1958 desde muy peque\u00f1o mostr\u00f3 un talento innato para la m\u00fasica y la danza junto a sus hermanos, por lo que form\u00f3 parte del grupo The Jackson 5 y cosecharon \u00e9xitos como &#8220;I Want You Back&#8221; y &#8220;ABC&#8221;.<\/p>\n\n\n\n<figure class=\"wp-block-embed is-type-video is-provider-youtube wp-block-embed-youtube wp-embed-aspect-16-9 wp-has-aspect-ratio\"><div class=\"wp-block-embed__wrapper\">\n<iframe loading=\"lazy\" title=\"The Jackson 5 &quot;I Want You Back&quot; on The Ed Sullivan Show\" width=\"696\" height=\"392\" src=\"https:\/\/www.youtube.com\/embed\/y2bVIBwpCTA?feature=oembed\" frameborder=\"0\" allow=\"accelerometer; autoplay; clipboard-write; encrypted-media; gyroscope; picture-in-picture; web-share\" referrerpolicy=\"strict-origin-when-cross-origin\" allowfullscreen><\/iframe>\n<\/div><\/figure>\n\n\n\n<p>En la d\u00e9cada de los 80 decidieron que ser\u00eda buena idea lanzarlo como solista y los \u00e9xitos llegaron inmediatamente. Especialmente con discos que trascendieron la historia entre ellos&nbsp; &#8220;Off the Wall&#8221; y &#8220;Thriller&#8221;.<\/p>\n\n\n\n<figure class=\"wp-block-embed is-type-video is-provider-youtube wp-block-embed-youtube wp-embed-aspect-16-9 wp-has-aspect-ratio\"><div class=\"wp-block-embed__wrapper\">\n<iframe loading=\"lazy\" title=\"Michael Jackson - Off the Wall (Audio)\" width=\"696\" height=\"392\" src=\"https:\/\/www.youtube.com\/embed\/_BfcRjZn6y4?feature=oembed\" frameborder=\"0\" allow=\"accelerometer; autoplay; clipboard-write; encrypted-media; gyroscope; picture-in-picture; web-share\" referrerpolicy=\"strict-origin-when-cross-origin\" allowfullscreen><\/iframe>\n<\/div><\/figure>\n\n\n\n<p>En los a\u00f1os 90, Jackson continu\u00f3 lanzando grandes temas como &#8220;Black or White&#8221; y &#8220;Dangerous&#8221;, pero tambi\u00e9n enfrent\u00f3 diversas controversias relacionadas con su vida privada.<\/p>\n\n\n\n<figure class=\"wp-block-embed is-type-video is-provider-youtube wp-block-embed-youtube wp-embed-aspect-16-9 wp-has-aspect-ratio\"><div class=\"wp-block-embed__wrapper\">\n<iframe loading=\"lazy\" title=\"Michael Jackson - Dangerous - Live Munich 1997 - HD\" width=\"696\" height=\"392\" src=\"https:\/\/www.youtube.com\/embed\/jr9uliNQwNA?feature=oembed\" frameborder=\"0\" allow=\"accelerometer; autoplay; clipboard-write; encrypted-media; gyroscope; picture-in-picture; web-share\" referrerpolicy=\"strict-origin-when-cross-origin\" allowfullscreen><\/iframe>\n<\/div><\/figure>\n\n\n\n<p>Pese a todos los rumores sobre su vida personal que incluso lo involucraron con casos muy delicados contra menores de edad, de los que hoy en d\u00eda se especula pudieron haber sido falsas acusaciones debido a los rumores que han surgido dentro de la industria de la m\u00fasica por otros artistas en redes de da\u00f1o a menores, el legado de MJ dentro de la m\u00fasica es un gran tesoro que dej\u00f3 una gran huella dentro de la historia de la m\u00fasica.<\/p>\n","protected":false},"excerpt":{"rendered":"<p>Son quince a\u00f1os desde la p\u00e9rdida del rey del pop, por lo que eventos para recordarlo y homenajearlo sobran en cualquier parte del mundo, por lo cual en este 2024 que est\u00e1 ya en sus \u00faltimos meses para acabar, llega a M\u00e9xico uno de esos shows que trae como protagonista justamente a Michael Jackson. Por [&hellip;]<\/p>\n","protected":false},"author":1,"featured_media":5128,"comment_status":"open","ping_status":"open","sticky":true,"template":"","format":"standard","meta":{"footnotes":""},"categories":[26],"tags":[],"class_list":{"0":"post-5125","1":"post","2":"type-post","3":"status-publish","4":"format-standard","5":"has-post-thumbnail","7":"category-cultura"},"aioseo_notices":[],"_links":{"self":[{"href":"https:\/\/tenistenis.com\/index.php\/wp-json\/wp\/v2\/posts\/5125","targetHints":{"allow":["GET"]}}],"collection":[{"href":"https:\/\/tenistenis.com\/index.php\/wp-json\/wp\/v2\/posts"}],"about":[{"href":"https:\/\/tenistenis.com\/index.php\/wp-json\/wp\/v2\/types\/post"}],"author":[{"embeddable":true,"href":"https:\/\/tenistenis.com\/index.php\/wp-json\/wp\/v2\/users\/1"}],"replies":[{"embeddable":true,"href":"https:\/\/tenistenis.com\/index.php\/wp-json\/wp\/v2\/comments?post=5125"}],"version-history":[{"count":1,"href":"https:\/\/tenistenis.com\/index.php\/wp-json\/wp\/v2\/posts\/5125\/revisions"}],"predecessor-version":[{"id":5129,"href":"https:\/\/tenistenis.com\/index.php\/wp-json\/wp\/v2\/posts\/5125\/revisions\/5129"}],"wp:featuredmedia":[{"embeddable":true,"href":"https:\/\/tenistenis.com\/index.php\/wp-json\/wp\/v2\/media\/5128"}],"wp:attachment":[{"href":"https:\/\/tenistenis.com\/index.php\/wp-json\/wp\/v2\/media?parent=5125"}],"wp:term":[{"taxonomy":"category","embeddable":true,"href":"https:\/\/tenistenis.com\/index.php\/wp-json\/wp\/v2\/categories?post=5125"},{"taxonomy":"post_tag","embeddable":true,"href":"https:\/\/tenistenis.com\/index.php\/wp-json\/wp\/v2\/tags?post=5125"}],"curies":[{"name":"wp","href":"https:\/\/api.w.org\/{rel}","templated":true}]}}