{"id":4991,"date":"2024-09-06T20:25:11","date_gmt":"2024-09-06T20:25:11","guid":{"rendered":"https:\/\/tenistenis.com\/?p=4991"},"modified":"2024-09-06T20:25:12","modified_gmt":"2024-09-06T20:25:12","slug":"la-paratleta-gloria-zarza-la-primera-medalla-de-oro-en-los-juegos-paralimpicos-paris-2024","status":"publish","type":"post","link":"https:\/\/tenistenis.com\/index.php\/2024\/09\/06\/la-paratleta-gloria-zarza-la-primera-medalla-de-oro-en-los-juegos-paralimpicos-paris-2024\/","title":{"rendered":"LA PARATLETA GLORIA ZARZA LA PRIMERA MEDALLA DE ORO EN LOS JUEGOS PARAL\u00cdMPICOS PAR\u00cdS 2024"},"content":{"rendered":"\n<p>Los Juegos Paral\u00edmpicos Par\u00eds 2024 est\u00e1n por concluir, pero el desempe\u00f1o de cada uno de los atletas nacionales en esta contienda deja muy en alto el nombre de M\u00e9xico, pues han sido acreedores a diversas medallas dentro de distintas disciplinas.<\/p>\n\n\n\n<p>En el caso de la primera medalla de oro obtenida por estos deportistas, fue&nbsp; Gloria Zarza quien obtuvo esta presea dentro de lanzamiento de bala F54, con una marca de 8.06 metros.<\/p>\n\n\n\n<p>Este logro sigue a su \u00e9xito en Tokyo 2020, donde gan\u00f3 la medalla de plata en esta misma categor\u00eda.<\/p>\n\n\n\n<p>Zarza originaria del Estado de M\u00e9xico, fue la \u00fanica en superar los ocho metros, venciendo a competidoras de Brasil y Uzbekist\u00e1n, a pesar de que su cuarto intento fue invalidado.<\/p>\n\n\n\n<p><strong>POR PRIMERA VEZ GLORIA HIZO SONAR EL HIMNO NACIONAL EN PAR\u00cdS 2024<\/strong><\/p>\n\n\n\n<p>Su victoria fue emotiva, ya que hizo sonar por primera vez el Himno Nacional Mexicano en Par\u00eds 2024, celebrando con la campana de campeones mientras los espectadores mexicanos ondeaban la bandera.<\/p>\n\n\n\n<figure class=\"wp-block-image size-large\"><img loading=\"lazy\" decoding=\"async\" width=\"1024\" height=\"576\" src=\"http:\/\/tenistenis.com\/wp-content\/uploads\/2024\/09\/GLORIAZARZAPRIMERAMEDALLAOROPARIS20242-2-1024x576.jpg\" alt=\"\" class=\"wp-image-4994\" srcset=\"https:\/\/tenistenis.com\/wp-content\/uploads\/2024\/09\/GLORIAZARZAPRIMERAMEDALLAOROPARIS20242-2-1024x576.jpg 1024w, https:\/\/tenistenis.com\/wp-content\/uploads\/2024\/09\/GLORIAZARZAPRIMERAMEDALLAOROPARIS20242-2-300x169.jpg 300w, https:\/\/tenistenis.com\/wp-content\/uploads\/2024\/09\/GLORIAZARZAPRIMERAMEDALLAOROPARIS20242-2-768x432.jpg 768w, https:\/\/tenistenis.com\/wp-content\/uploads\/2024\/09\/GLORIAZARZAPRIMERAMEDALLAOROPARIS20242-2.jpg 1200w\" sizes=\"auto, (max-width: 1024px) 100vw, 1024px\" \/><\/figure>\n\n\n\n<p>El triunfo de Zarza es fruto de a\u00f1os de sacrificio y trabajo junto a su equipo, destac\u00e1ndose previamente en el Mundial de Kobe, Jap\u00f3n, con una marca de 8.04 metros.<\/p>\n\n\n\n<p>Este logro sigue a su \u00e9xito en Tokyo 2020, donde gan\u00f3 la medalla de plata en la misma categor\u00eda con un lanzamiento de 8.06 metros.<\/p>\n\n\n\n<p>Con este triunfo, Zarza reafirma su lugar en la historia del deporte paral\u00edmpico mexicano y marca un prometedor inicio para la delegaci\u00f3n mexicana en Par\u00eds 2024.<\/p>\n\n\n\n<p><strong>EL RECIBIMIENTO DE GLORIA ZARZA EN ZINANCATEPEC<\/strong><\/p>\n\n\n\n<figure class=\"wp-block-image size-large\"><img loading=\"lazy\" decoding=\"async\" width=\"1024\" height=\"640\" src=\"http:\/\/tenistenis.com\/wp-content\/uploads\/2024\/09\/GLORIAZARZAPRIMERAMEDALLAOROPARIS20243-1-1024x640.jpg\" alt=\"\" class=\"wp-image-4992\" srcset=\"https:\/\/tenistenis.com\/wp-content\/uploads\/2024\/09\/GLORIAZARZAPRIMERAMEDALLAOROPARIS20243-1-1024x640.jpg 1024w, https:\/\/tenistenis.com\/wp-content\/uploads\/2024\/09\/GLORIAZARZAPRIMERAMEDALLAOROPARIS20243-1-300x188.jpg 300w, https:\/\/tenistenis.com\/wp-content\/uploads\/2024\/09\/GLORIAZARZAPRIMERAMEDALLAOROPARIS20243-1-768x480.jpg 768w, https:\/\/tenistenis.com\/wp-content\/uploads\/2024\/09\/GLORIAZARZAPRIMERAMEDALLAOROPARIS20243-1.jpg 1200w\" sizes=\"auto, (max-width: 1024px) 100vw, 1024px\" \/><\/figure>\n\n\n\n<p>Tras su participaci\u00f3n, Gloria Zarza Guadarrama, fue recibida con una c\u00e1lida bienvenida en su municipio tras conquistar la medalla de oro en los Juegos Paral\u00edmpicos de Par\u00eds 2024.<\/p>\n\n\n\n<p>El evento, que estuvo marcado por elogios y muestras de admiraci\u00f3n, cont\u00f3 con la presencia del presidente municipal, Manuel Vilchis Viveros, y otras autoridades locales, quienes destacaron el esfuerzo y dedicaci\u00f3n de Zarza en su trayectoria deportiva.<\/p>\n\n\n\n<p>Durante la ceremonia de recepci\u00f3n, el presidente municipal Manuel Vilchis Viveros expres\u00f3 su profundo respeto y admiraci\u00f3n por el logro alcanzado por Gloria Zarza. \u201cEres un ejemplo para muchos, incluso para m\u00ed, porque lo que te propones lo logras. Nunca voy a olvidar ese momento en el que dijiste: \u2018voy por la medalla de oro\u2019.<\/p>\n\n\n\n<p>Reconozco tu dedicaci\u00f3n, esfuerzo y disciplina\u201d, afirm\u00f3 el alcalde ante la atleta y los presentes.<\/p>\n\n\n\n<p>Vilchis Viveros tambi\u00e9n agradeci\u00f3 a Zarza por llevar en alto el nombre de Zinacantepec a nivelmundial, resaltando c\u00f3mo la paratleta mencionaba con orgullo a su municipio en cada entrevista tras su victoria.<\/p>\n","protected":false},"excerpt":{"rendered":"<p>Los Juegos Paral\u00edmpicos Par\u00eds 2024 est\u00e1n por concluir, pero el desempe\u00f1o de cada uno de los atletas nacionales en esta contienda deja muy en alto el nombre de M\u00e9xico, pues han sido acreedores a diversas medallas dentro de distintas disciplinas. En el caso de la primera medalla de oro obtenida por estos deportistas, fue&nbsp; Gloria [&hellip;]<\/p>\n","protected":false},"author":13,"featured_media":4993,"comment_status":"open","ping_status":"open","sticky":true,"template":"","format":"standard","meta":{"footnotes":""},"categories":[26],"tags":[],"class_list":{"0":"post-4991","1":"post","2":"type-post","3":"status-publish","4":"format-standard","5":"has-post-thumbnail","7":"category-cultura"},"aioseo_notices":[],"_links":{"self":[{"href":"https:\/\/tenistenis.com\/index.php\/wp-json\/wp\/v2\/posts\/4991","targetHints":{"allow":["GET"]}}],"collection":[{"href":"https:\/\/tenistenis.com\/index.php\/wp-json\/wp\/v2\/posts"}],"about":[{"href":"https:\/\/tenistenis.com\/index.php\/wp-json\/wp\/v2\/types\/post"}],"author":[{"embeddable":true,"href":"https:\/\/tenistenis.com\/index.php\/wp-json\/wp\/v2\/users\/13"}],"replies":[{"embeddable":true,"href":"https:\/\/tenistenis.com\/index.php\/wp-json\/wp\/v2\/comments?post=4991"}],"version-history":[{"count":1,"href":"https:\/\/tenistenis.com\/index.php\/wp-json\/wp\/v2\/posts\/4991\/revisions"}],"predecessor-version":[{"id":4995,"href":"https:\/\/tenistenis.com\/index.php\/wp-json\/wp\/v2\/posts\/4991\/revisions\/4995"}],"wp:featuredmedia":[{"embeddable":true,"href":"https:\/\/tenistenis.com\/index.php\/wp-json\/wp\/v2\/media\/4993"}],"wp:attachment":[{"href":"https:\/\/tenistenis.com\/index.php\/wp-json\/wp\/v2\/media?parent=4991"}],"wp:term":[{"taxonomy":"category","embeddable":true,"href":"https:\/\/tenistenis.com\/index.php\/wp-json\/wp\/v2\/categories?post=4991"},{"taxonomy":"post_tag","embeddable":true,"href":"https:\/\/tenistenis.com\/index.php\/wp-json\/wp\/v2\/tags?post=4991"}],"curies":[{"name":"wp","href":"https:\/\/api.w.org\/{rel}","templated":true}]}}