{"id":4967,"date":"2024-09-05T20:39:15","date_gmt":"2024-09-05T20:39:15","guid":{"rendered":"https:\/\/tenistenis.com\/?p=4967"},"modified":"2024-09-05T20:39:16","modified_gmt":"2024-09-05T20:39:16","slug":"como-se-vivio-la-inauguracion-de-los-juegos-paralimpicos-paris-2024","status":"publish","type":"post","link":"https:\/\/tenistenis.com\/index.php\/2024\/09\/05\/como-se-vivio-la-inauguracion-de-los-juegos-paralimpicos-paris-2024\/","title":{"rendered":"\u00bfC\u00d3MO SE VIVI\u00d3 LA INAUGURACI\u00d3N DE LOS JUEGOS PARAL\u00cdMPICOS PAR\u00cdS 2024?"},"content":{"rendered":"\n<p>Tras la clausura de los Juegos Ol\u00edmpicos de Par\u00eds 2024 se dio el paso al conteo de lo que ser\u00eda la apertura de los Juegos Paral\u00edmpicos, para que finalmente este 28 de agosto al medio d\u00eda en tiempo de M\u00e9xico se llevara a cabo dicha inauguraci\u00f3n de los Paral\u00edmpicos.<br>Esta apertura ha sido hist\u00f3rica al ser la primera vez en que estos juegos se lleven a cabo fuera de un estadio, al igual que con la apertura de los juegos convencionales. Adem\u00e1s de que es la primera vez que esta Ciudad de la Luz recibe a los paral\u00edmpicos.<br>De esta forma, la inauguraci\u00f3n de los Paral\u00edmpicos 2024 se llev\u00f3 a cabo en la Plaza de la Concordia y los Campos El\u00edseos, donde hubo un desfile de 4 mil 400 paratletas de 184 naciones dando arranque a las competiciones.<br>El arranque de la inauguraci\u00f3n, frente al obelisco de Luxor en la Plaza de la Concordia, incluy\u00f3 una coreograf\u00eda al ritmo de un piano y con un homenaje a las personas con diferentes discapacidades.<br>Tras este inicio, se dio la llegada de Th\u00e9o Curin, un nadador paral\u00edmpico y una de las estrellas de la delegaci\u00f3n francesa al ser doble campe\u00f3n del mundo.<br>HIMNO PARAL\u00cdMPICO Y ENCENDIDO DEL PEBETERO<\/p>\n\n\n\n<figure class=\"wp-block-image size-large\"><img loading=\"lazy\" decoding=\"async\" width=\"1024\" height=\"683\" src=\"http:\/\/tenistenis.com\/wp-content\/uploads\/2024\/09\/PARALIMPICOSPARIS2024INAUGURACION2-1024x683.jpg\" alt=\"\" class=\"wp-image-4968\" srcset=\"https:\/\/tenistenis.com\/wp-content\/uploads\/2024\/09\/PARALIMPICOSPARIS2024INAUGURACION2-1024x683.jpg 1024w, https:\/\/tenistenis.com\/wp-content\/uploads\/2024\/09\/PARALIMPICOSPARIS2024INAUGURACION2-300x200.jpg 300w, https:\/\/tenistenis.com\/wp-content\/uploads\/2024\/09\/PARALIMPICOSPARIS2024INAUGURACION2-768x512.jpg 768w, https:\/\/tenistenis.com\/wp-content\/uploads\/2024\/09\/PARALIMPICOSPARIS2024INAUGURACION2.jpg 1200w\" sizes=\"auto, (max-width: 1024px) 100vw, 1024px\" \/><\/figure>\n\n\n\n<p>Tras la entonaci\u00f3n del himno paral\u00edmpico, se dio paso al encendido del pebetero con el fuego paral\u00edmpico que cruz\u00f3 toda Francia. Este fuego se origin\u00f3 en el Hospital de Stoke Mandeville en Inglaterra, donde se trataron a los soldados que terminaron en silla de ruedas tras la Segunda Guerra Mundial.<br>Los relevos iniciaron a manos de Micha\u00ebl J\u00e9r\u00e9miasz, tenista y ganador de la medalla de oro en paratenis dobles en los Juegos Paral\u00edmpicos de 2008. Despu\u00e9s pas\u00f3 a manos de otras y otros grandes paratletas como Beatrice Vio, Oksana Masters y Markus Rehm, quien al llegar al Jard\u00edn de las Tuller\u00edas le entreg\u00f3 el fuego paral\u00edmpico a B\u00e9atrice Hess.<br>Dicho fuego despu\u00e9s pas\u00f3 a los abanderados franceses, Alexis Hanquinquant y Nantenin Keita, quienes junto con Fabien Lamirault, \u00c9lodie Lorandi y Charles-Antoine Kouakou encendieron finalmente el pebetero.<br>LA DELEGACI\u00d3N MEXICANA EN PARAL\u00cdMPICOS PAR\u00cdS 2024<\/p>\n\n\n\n<figure class=\"wp-block-image size-large\"><img loading=\"lazy\" decoding=\"async\" width=\"1024\" height=\"768\" src=\"http:\/\/tenistenis.com\/wp-content\/uploads\/2024\/09\/PARALIMPICOSPARIS2024INAUGURACION3-1024x768.jpg\" alt=\"\" class=\"wp-image-4970\" srcset=\"https:\/\/tenistenis.com\/wp-content\/uploads\/2024\/09\/PARALIMPICOSPARIS2024INAUGURACION3-1024x768.jpg 1024w, https:\/\/tenistenis.com\/wp-content\/uploads\/2024\/09\/PARALIMPICOSPARIS2024INAUGURACION3-300x225.jpg 300w, https:\/\/tenistenis.com\/wp-content\/uploads\/2024\/09\/PARALIMPICOSPARIS2024INAUGURACION3-768x576.jpg 768w, https:\/\/tenistenis.com\/wp-content\/uploads\/2024\/09\/PARALIMPICOSPARIS2024INAUGURACION3.jpg 1200w\" sizes=\"auto, (max-width: 1024px) 100vw, 1024px\" \/><\/figure>\n\n\n\n<p>Por supuesto la participaci\u00f3n de la delegaci\u00f3n mexicana estuvo presente en el desfile, y al culminar dicha pasarela se proyect\u00f3 un video donde diferentes atletas y personas con discapacidad contaron sobre sus experiencias y su manera de enfrentar sus distintas capacidaes.<br>Una vez que termin\u00f3 el relato, hubo otro momento musical a cargo del artista Lucky Love, un cantante y modelo con discapacidad, quien interpret\u00f3 su canci\u00f3n \u201cMy Ability\u201d, evidentemente en honor a las personas con alguna discapacidad.<br>A partir de este momento la justa paral\u00edmpica comienza hasta el , donde seguramente numerosos atletas nacionales demostrar\u00e1n su talento y esfuerzo al obtener las esperadas preseas, pues no hay que olvidar que esta competici\u00f3n es la que m\u00e1s medallas ha brindado a M\u00e9xico, en comparaci\u00f3n a la contienda convencional.<\/p>\n\n\n\n<figure class=\"wp-block-image size-large\"><img loading=\"lazy\" decoding=\"async\" width=\"1024\" height=\"683\" src=\"http:\/\/tenistenis.com\/wp-content\/uploads\/2024\/09\/PARALIMPICOSPARIS2024INAUGURACION-1024x683.jpg\" alt=\"\" class=\"wp-image-4969\" srcset=\"https:\/\/tenistenis.com\/wp-content\/uploads\/2024\/09\/PARALIMPICOSPARIS2024INAUGURACION-1024x683.jpg 1024w, https:\/\/tenistenis.com\/wp-content\/uploads\/2024\/09\/PARALIMPICOSPARIS2024INAUGURACION-300x200.jpg 300w, https:\/\/tenistenis.com\/wp-content\/uploads\/2024\/09\/PARALIMPICOSPARIS2024INAUGURACION-768x512.jpg 768w, https:\/\/tenistenis.com\/wp-content\/uploads\/2024\/09\/PARALIMPICOSPARIS2024INAUGURACION.jpg 1200w\" sizes=\"auto, (max-width: 1024px) 100vw, 1024px\" \/><\/figure>\n\n\n\n<p><br>https:\/\/youtu.be\/BjDSsZAP0jE?si=lS2PcZS23m7aGMe9<\/p>\n","protected":false},"excerpt":{"rendered":"<p>Tras la clausura de los Juegos Ol\u00edmpicos de Par\u00eds 2024 se dio el paso al conteo de lo que ser\u00eda la apertura de los Juegos Paral\u00edmpicos, para que finalmente este 28 de agosto al medio d\u00eda en tiempo de M\u00e9xico se llevara a cabo dicha inauguraci\u00f3n de los Paral\u00edmpicos.Esta apertura ha sido hist\u00f3rica al ser [&hellip;]<\/p>\n","protected":false},"author":12,"featured_media":4970,"comment_status":"open","ping_status":"open","sticky":true,"template":"","format":"standard","meta":{"footnotes":""},"categories":[26],"tags":[],"class_list":{"0":"post-4967","1":"post","2":"type-post","3":"status-publish","4":"format-standard","5":"has-post-thumbnail","7":"category-cultura"},"aioseo_notices":[],"_links":{"self":[{"href":"https:\/\/tenistenis.com\/index.php\/wp-json\/wp\/v2\/posts\/4967","targetHints":{"allow":["GET"]}}],"collection":[{"href":"https:\/\/tenistenis.com\/index.php\/wp-json\/wp\/v2\/posts"}],"about":[{"href":"https:\/\/tenistenis.com\/index.php\/wp-json\/wp\/v2\/types\/post"}],"author":[{"embeddable":true,"href":"https:\/\/tenistenis.com\/index.php\/wp-json\/wp\/v2\/users\/12"}],"replies":[{"embeddable":true,"href":"https:\/\/tenistenis.com\/index.php\/wp-json\/wp\/v2\/comments?post=4967"}],"version-history":[{"count":1,"href":"https:\/\/tenistenis.com\/index.php\/wp-json\/wp\/v2\/posts\/4967\/revisions"}],"predecessor-version":[{"id":4971,"href":"https:\/\/tenistenis.com\/index.php\/wp-json\/wp\/v2\/posts\/4967\/revisions\/4971"}],"wp:featuredmedia":[{"embeddable":true,"href":"https:\/\/tenistenis.com\/index.php\/wp-json\/wp\/v2\/media\/4970"}],"wp:attachment":[{"href":"https:\/\/tenistenis.com\/index.php\/wp-json\/wp\/v2\/media?parent=4967"}],"wp:term":[{"taxonomy":"category","embeddable":true,"href":"https:\/\/tenistenis.com\/index.php\/wp-json\/wp\/v2\/categories?post=4967"},{"taxonomy":"post_tag","embeddable":true,"href":"https:\/\/tenistenis.com\/index.php\/wp-json\/wp\/v2\/tags?post=4967"}],"curies":[{"name":"wp","href":"https:\/\/api.w.org\/{rel}","templated":true}]}}