{"id":4942,"date":"2024-08-27T00:28:09","date_gmt":"2024-08-27T00:28:09","guid":{"rendered":"https:\/\/tenistenis.com\/?p=4942"},"modified":"2024-08-27T00:28:09","modified_gmt":"2024-08-27T00:28:09","slug":"portada-vogue-encabezada-por-luna-garcia-y-gonzalez-promocionando-la-serie-la-maquina-adentrada-en-el-boxeo","status":"publish","type":"post","link":"https:\/\/tenistenis.com\/index.php\/2024\/08\/27\/portada-vogue-encabezada-por-luna-garcia-y-gonzalez-promocionando-la-serie-la-maquina-adentrada-en-el-boxeo\/","title":{"rendered":"PORTADA VOGUE ENCABEZADA POR LUNA, GARC\u00cdA Y GONZ\u00c1LEZ PROMOCIONANDO LA SERIE \u201cLA M\u00c1QUINA\u201d ADENTRADA EN EL BOXEO"},"content":{"rendered":"\n<p>Diego Luna y Gael Garc\u00eda Bernal, dos de los actores mexicanos m\u00e1s destacados de la escena internacional, han compartido cr\u00e9ditos en diversas producciones cinematogr\u00e1ficas.<br>Ambos actores han tenido exitosas carreras en Hollywood y han trabajado juntos en pel\u00edculas como &#8220;Y tu mam\u00e1 tambi\u00e9n&#8221; y &#8220;Rudo y Cursi&#8221;, adem\u00e1s de la serie &#8220;La M\u00e1quina&#8221;, que se estrenar\u00e1 en Disney Plus el 9 de octubre de 2024, en la que participar\u00e1 tambi\u00e9n la mexicana Eiza Gonz\u00e1lez.<br>Por otro lado la carrera de Gonz\u00e1lez tambi\u00e9n ha sido reconocida dentro de la meca Hollywodense, aunque a la fecha no cuente con una cinta que tenga gran \u00e9xito en taquilla.<br>Estos tres talentos mexicanos aparecen en la portada de la edici\u00f3n de septiembre para la Revista Vogue, siendo un gran icono del cine nacional que ha volado a romper fronteras de forma internacional, a veces con gran \u00e9xito y otras no tanto.<br>Pero al hablar de este proyecto, la M\u00e1quina es la serie que juntara a estos tres talentos nacionales. Esta serie es la primera apuesta en espa\u00f1ol de Hulu y ha sido escrita, protagonizada y producida por Searchlight Television y La Corriente del Golfo, la casa productora de Luna y Garc\u00eda Bernal.<br>Para ambos actores, este proyecto los vuelve a juntar en pantalla desde Y tu mam\u00e1 tambi\u00e9n (2001) y Rudo y Cursi (2008). Por otro lado, es el proyecto que trajo a Eiza Gonz\u00e1lez a filmar de vuelta a M\u00e9xico (la actriz sonorense no hab\u00eda trabajado en proyectos en espa\u00f1ol en nuestro pa\u00eds desde su paso por las telenovelas, en 2013).<br>Por su parte Diego menciona que la pasi\u00f3n por el boxeo es una de las razones por las que decidi\u00f3 junto a su colega para crear esta nueva serie, por su parte Luna ya hab\u00eda satisfecho su inter\u00e9s nato por este deporte de combate con el documental J.C. Ch\u00e1vez (2007) pero, en esta ocasi\u00f3n, algo tendr\u00eda que ser diferente. \u201cCrecimos viendo las peleas de Julio C\u00e9sar Ch\u00e1vez, el gran h\u00e9roe mexicano. Hablar del boxeo es hablar de nuestra infancia\u201d, me cuenta.<br>LA CREACI\u00d3N DE ESTA SERIE DENTRO DEL MUNDO DEL BOX<\/p>\n\n\n\n<p><\/p>\n\n\n\n<figure class=\"wp-block-image size-large\"><img loading=\"lazy\" decoding=\"async\" width=\"683\" height=\"1024\" src=\"http:\/\/tenistenis.com\/wp-content\/uploads\/2024\/08\/LUNAGARCIAYGONZALEZPORTADAVOGUEMEXICO-683x1024.jpg\" alt=\"\" class=\"wp-image-4943\" srcset=\"https:\/\/tenistenis.com\/wp-content\/uploads\/2024\/08\/LUNAGARCIAYGONZALEZPORTADAVOGUEMEXICO-683x1024.jpg 683w, https:\/\/tenistenis.com\/wp-content\/uploads\/2024\/08\/LUNAGARCIAYGONZALEZPORTADAVOGUEMEXICO-200x300.jpg 200w, https:\/\/tenistenis.com\/wp-content\/uploads\/2024\/08\/LUNAGARCIAYGONZALEZPORTADAVOGUEMEXICO-768x1152.jpg 768w, https:\/\/tenistenis.com\/wp-content\/uploads\/2024\/08\/LUNAGARCIAYGONZALEZPORTADAVOGUEMEXICO-1024x1536.jpg 1024w, https:\/\/tenistenis.com\/wp-content\/uploads\/2024\/08\/LUNAGARCIAYGONZALEZPORTADAVOGUEMEXICO-1365x2048.jpg 1365w, https:\/\/tenistenis.com\/wp-content\/uploads\/2024\/08\/LUNAGARCIAYGONZALEZPORTADAVOGUEMEXICO-1600x2400.jpg 1600w, https:\/\/tenistenis.com\/wp-content\/uploads\/2024\/08\/LUNAGARCIAYGONZALEZPORTADAVOGUEMEXICO-scaled.jpg 1707w\" sizes=\"auto, (max-width: 683px) 100vw, 683px\" \/><\/figure>\n\n\n\n<p>Como es tradici\u00f3n, ambos actores escriben, producen y evidentemente act\u00faan en este nuevo proyecto que llegar\u00e1 a las plataformas internacionalmente el 9 de octubre.<br>\u00bfDe qu\u00e9 tratar\u00e1 esta nueva serie?<br>La historia narra el declive de la carrera del boxeador Esteban \u201cLa M\u00e1quina\u201d Osuna interpretado por Garc\u00eda Bernal, mientras que su mejor amigo, Andy Luj\u00e1n Diego Luna, busca darle un momento m\u00e1s de gloria.<br>En la historia tambi\u00e9n se entrelaza la relaci\u00f3n de Esteban con su ex esposa interpretada por Gonz\u00e1lez, as\u00ed como un elenco y equipo de producci\u00f3n de talento mexicano.<\/p>\n\n\n\n<p>AMBOS ACTORES VUELVEN A CREAR UN DUPLA CREATIVA<\/p>\n\n\n\n<figure class=\"wp-block-image size-large\"><img loading=\"lazy\" decoding=\"async\" width=\"1024\" height=\"753\" src=\"http:\/\/tenistenis.com\/wp-content\/uploads\/2024\/08\/LUNAGARCIAYGONZALEZPORTADAVOGUEMEXICO3-1024x753.jpg\" alt=\"\" class=\"wp-image-4944\" srcset=\"https:\/\/tenistenis.com\/wp-content\/uploads\/2024\/08\/LUNAGARCIAYGONZALEZPORTADAVOGUEMEXICO3-1024x753.jpg 1024w, https:\/\/tenistenis.com\/wp-content\/uploads\/2024\/08\/LUNAGARCIAYGONZALEZPORTADAVOGUEMEXICO3-300x221.jpg 300w, https:\/\/tenistenis.com\/wp-content\/uploads\/2024\/08\/LUNAGARCIAYGONZALEZPORTADAVOGUEMEXICO3-768x565.jpg 768w, https:\/\/tenistenis.com\/wp-content\/uploads\/2024\/08\/LUNAGARCIAYGONZALEZPORTADAVOGUEMEXICO3-1536x1130.jpg 1536w, https:\/\/tenistenis.com\/wp-content\/uploads\/2024\/08\/LUNAGARCIAYGONZALEZPORTADAVOGUEMEXICO3.jpg 1600w\" sizes=\"auto, (max-width: 1024px) 100vw, 1024px\" \/><\/figure>\n\n\n\n<p><br>Esta nueva serie logra adem\u00e1s de juntar a estos tres actores latinos en una cinta sobre el apasionante mundo del box, crear de nueva cuenta el binomio de talento que tanto Diego y Gael han logrado a trav\u00e9s de los a\u00f1os. Tanto de manera personal como en sus proyectos en conjunto que aunque no cuenten con ellos en pantalla, los han mantenido unidos a trav\u00e9s de su productora, dejan en alto el nombre de M\u00e9xico de manera internacional.<br>La serie contar\u00e1 con otros actores de renombre como Luc\u00eda Mendez, Jorge Perugorr\u00eda, Andr\u00e9s Delgado, Karina Gidi y Dariam Coco, quienes interpretar\u00e1n personajes clave en la trama.<\/p>\n\n\n\n<p>FUENTE Y FOTOS: VOGUE M\u00c9XICO<\/p>\n\n\n\n<figure class=\"wp-block-embed is-type-video is-provider-youtube wp-block-embed-youtube wp-embed-aspect-16-9 wp-has-aspect-ratio\"><div class=\"wp-block-embed__wrapper\">\n<iframe loading=\"lazy\" title=\"Eiza Gonz\u00e1lez, Diego Luna y Gael Garc\u00eda adivinan frases de pel\u00edculas | Vogue M\u00e9xico y Latinoam\u00e9rica\" width=\"696\" height=\"392\" src=\"https:\/\/www.youtube.com\/embed\/cWok4o0FPYA?feature=oembed\" frameborder=\"0\" allow=\"accelerometer; autoplay; clipboard-write; encrypted-media; gyroscope; picture-in-picture; web-share\" referrerpolicy=\"strict-origin-when-cross-origin\" allowfullscreen><\/iframe>\n<\/div><\/figure>\n\n\n\n<p><br><\/p>\n","protected":false},"excerpt":{"rendered":"<p>Diego Luna y Gael Garc\u00eda Bernal, dos de los actores mexicanos m\u00e1s destacados de la escena internacional, han compartido cr\u00e9ditos en diversas producciones cinematogr\u00e1ficas.Ambos actores han tenido exitosas carreras en Hollywood y han trabajado juntos en pel\u00edculas como &#8220;Y tu mam\u00e1 tambi\u00e9n&#8221; y &#8220;Rudo y Cursi&#8221;, adem\u00e1s de la serie &#8220;La M\u00e1quina&#8221;, que se estrenar\u00e1 [&hellip;]<\/p>\n","protected":false},"author":12,"featured_media":4945,"comment_status":"open","ping_status":"open","sticky":true,"template":"","format":"standard","meta":{"footnotes":""},"categories":[26],"tags":[],"class_list":{"0":"post-4942","1":"post","2":"type-post","3":"status-publish","4":"format-standard","5":"has-post-thumbnail","7":"category-cultura"},"aioseo_notices":[],"_links":{"self":[{"href":"https:\/\/tenistenis.com\/index.php\/wp-json\/wp\/v2\/posts\/4942","targetHints":{"allow":["GET"]}}],"collection":[{"href":"https:\/\/tenistenis.com\/index.php\/wp-json\/wp\/v2\/posts"}],"about":[{"href":"https:\/\/tenistenis.com\/index.php\/wp-json\/wp\/v2\/types\/post"}],"author":[{"embeddable":true,"href":"https:\/\/tenistenis.com\/index.php\/wp-json\/wp\/v2\/users\/12"}],"replies":[{"embeddable":true,"href":"https:\/\/tenistenis.com\/index.php\/wp-json\/wp\/v2\/comments?post=4942"}],"version-history":[{"count":1,"href":"https:\/\/tenistenis.com\/index.php\/wp-json\/wp\/v2\/posts\/4942\/revisions"}],"predecessor-version":[{"id":4946,"href":"https:\/\/tenistenis.com\/index.php\/wp-json\/wp\/v2\/posts\/4942\/revisions\/4946"}],"wp:featuredmedia":[{"embeddable":true,"href":"https:\/\/tenistenis.com\/index.php\/wp-json\/wp\/v2\/media\/4945"}],"wp:attachment":[{"href":"https:\/\/tenistenis.com\/index.php\/wp-json\/wp\/v2\/media?parent=4942"}],"wp:term":[{"taxonomy":"category","embeddable":true,"href":"https:\/\/tenistenis.com\/index.php\/wp-json\/wp\/v2\/categories?post=4942"},{"taxonomy":"post_tag","embeddable":true,"href":"https:\/\/tenistenis.com\/index.php\/wp-json\/wp\/v2\/tags?post=4942"}],"curies":[{"name":"wp","href":"https:\/\/api.w.org\/{rel}","templated":true}]}}