{"id":4884,"date":"2024-08-10T18:29:37","date_gmt":"2024-08-10T18:29:37","guid":{"rendered":"https:\/\/tenistenis.com\/?p=4884"},"modified":"2024-08-10T18:29:37","modified_gmt":"2024-08-10T18:29:37","slug":"el-retiro-de-los-escenarios-de-la-banda-aerosmith-debido-a-la-lesion-de-steve-tyler","status":"publish","type":"post","link":"https:\/\/tenistenis.com\/index.php\/2024\/08\/10\/el-retiro-de-los-escenarios-de-la-banda-aerosmith-debido-a-la-lesion-de-steve-tyler\/","title":{"rendered":"EL RETIRO DE LOS ESCENARIOS DE LA BANDA AEROSMITH DEBIDO A LA LESI\u00d3N DE STEVE TYLER"},"content":{"rendered":"\n<p>Desde hace unos d\u00edas se ha dado a conocer que lamentablemente la legendaria banda estadounidense Aerosmith dejar\u00e1 los escenarios de manera oficial, esta decisi\u00f3n fue debida a una lesi\u00f3n que su vocalista padece.<br>De esta forma la banda Aerosmith ha anunciado oficialmente su retiro de los escenarios debido a la irreparable lesi\u00f3n en las cuerdas vocales que sufri\u00f3 su l\u00edder, Steven Tyler. Dicha decisi\u00f3n se dio a conocer despu\u00e9s de que la agrupaci\u00f3n cancelara su gira de despedida denominada \u201cPeace Out\u201d, que inici\u00f3 desde el 2023.<br>Esta serie de conciertos dio inicio en Filadelfia el 2 de septiembre y pretend\u00eda llevar un espect\u00e1culo lleno de invitados a diferentes ciudades y pa\u00edses. Sin embargo, unos d\u00edas m\u00e1s tarde y tres shows despu\u00e9s, la banda pospuso algunas fechas debido a la fractura de laringe de Tyler.<br>Lo que en un comienzo parec\u00eda ser s\u00f3lo una recuperaci\u00f3n de 30 d\u00edas, se prolong\u00f3 luego de que los m\u00e9dicos del cantante afirmaran que se trataba de una lesi\u00f3n \u201cirreparable\u201d.<br>DECISI\u00d3N TRAS LA LESI\u00d3N IRREPARABLE DE TYLER<\/p>\n\n\n\n<figure class=\"wp-block-image size-large\"><img loading=\"lazy\" decoding=\"async\" width=\"1024\" height=\"576\" src=\"http:\/\/tenistenis.com\/wp-content\/uploads\/2024\/08\/AEROSMITHRETIROESCENARIOS-1024x576.jpg\" alt=\"\" class=\"wp-image-4886\" srcset=\"https:\/\/tenistenis.com\/wp-content\/uploads\/2024\/08\/AEROSMITHRETIROESCENARIOS-1024x576.jpg 1024w, https:\/\/tenistenis.com\/wp-content\/uploads\/2024\/08\/AEROSMITHRETIROESCENARIOS-300x169.jpg 300w, https:\/\/tenistenis.com\/wp-content\/uploads\/2024\/08\/AEROSMITHRETIROESCENARIOS-768x432.jpg 768w, https:\/\/tenistenis.com\/wp-content\/uploads\/2024\/08\/AEROSMITHRETIROESCENARIOS.jpg 1200w\" sizes=\"auto, (max-width: 1024px) 100vw, 1024px\" \/><\/figure>\n\n\n\n<p>Tras saber el problema de Tyler, la banda anunci\u00f3 en sus redes sociales su decisi\u00f3n:<br>\u201cEra 1970 cuando una chispa de inspiraci\u00f3n se convirti\u00f3 en Aerosmith\u201d, se lee en la introducci\u00f3n. \u201cGracias a ustedes, nuestro Blue Army, esa chispa prendi\u00f3 y ha estado ardiendo durante m\u00e1s de cinco d\u00e9cadas. Algunos de ustedes han estado con nosotros desde el principio y todos ustedes son la raz\u00f3n por la que hemos hecho historia en el rock and roll\u201d.<br>El mensaje reflexiona sobre la longevidad y el legado de la banda, as\u00ed como su atemporal conexi\u00f3n con el p\u00fablico y sus m\u00e1s fieles seguidores. Por lo que en ese agradecimiento y apoyo manifestaron adem\u00e1s:<br>\u201cHa sido el honor de nuestras vidas que nuestra m\u00fasica forme parte de la suya. En cada club, en cada gira masiva y en momentos grandiosos y privados nos han dado un lugar en la banda sonora de sus vidas\u201d.<br>SOBRE LA SALUD DE STEVEN TYLER Y SUS CUERDAS VOCALES<\/p>\n\n\n\n<figure class=\"wp-block-image size-full\"><img loading=\"lazy\" decoding=\"async\" width=\"750\" height=\"450\" src=\"http:\/\/tenistenis.com\/wp-content\/uploads\/2024\/08\/AEROSMITHRETIROESCENARIOS3.jpg\" alt=\"\" class=\"wp-image-4887\" srcset=\"https:\/\/tenistenis.com\/wp-content\/uploads\/2024\/08\/AEROSMITHRETIROESCENARIOS3.jpg 750w, https:\/\/tenistenis.com\/wp-content\/uploads\/2024\/08\/AEROSMITHRETIROESCENARIOS3-300x180.jpg 300w\" sizes=\"auto, (max-width: 750px) 100vw, 750px\" \/><\/figure>\n\n\n\n<p>Abordando el tema espec\u00edfico de la salud vocal de Steven Tyler, la banda comparti\u00f3 la dif\u00edcil realidad a la que se han enfrentado.<br>\u201cComo saben, la voz de Steven es un instrumento como ning\u00fan otro. Lleva meses trabajando incansablemente para que su voz vuelva a estar como antes de su lesi\u00f3n. Le hemos visto luchar a pesar de tener al mejor equipo m\u00e9dico a su lado\u201d.<br>Por el momento no se ha dado una actualizaci\u00f3n sobre el estado de salud de Tyler. Sin embargo, en mayo, se le vio al int\u00e9rprete acompa\u00f1ar a The Black Crowes en el escenario en una aparici\u00f3n sorpresa. All\u00ed hizo su primera actuaci\u00f3n en directo desde el anuncio de su lesi\u00f3n en las cuerdas vocales.<br>https:\/\/youtu.be\/HaC0s-FP-r4?si=4IO-A3YRkgk-018V<\/p>\n\n\n\n<figure class=\"wp-block-embed is-type-video is-provider-youtube wp-block-embed-youtube wp-embed-aspect-4-3 wp-has-aspect-ratio\"><div class=\"wp-block-embed__wrapper\">\n<iframe loading=\"lazy\" title=\"Aerosmith - Hole In My Soul\" width=\"696\" height=\"522\" src=\"https:\/\/www.youtube.com\/embed\/HaC0s-FP-r4?feature=oembed\" frameborder=\"0\" allow=\"accelerometer; autoplay; clipboard-write; encrypted-media; gyroscope; picture-in-picture; web-share\" referrerpolicy=\"strict-origin-when-cross-origin\" allowfullscreen><\/iframe>\n<\/div><\/figure>\n","protected":false},"excerpt":{"rendered":"<p>Desde hace unos d\u00edas se ha dado a conocer que lamentablemente la legendaria banda estadounidense Aerosmith dejar\u00e1 los escenarios de manera oficial, esta decisi\u00f3n fue debida a una lesi\u00f3n que su vocalista padece.De esta forma la banda Aerosmith ha anunciado oficialmente su retiro de los escenarios debido a la irreparable lesi\u00f3n en las cuerdas vocales [&hellip;]<\/p>\n","protected":false},"author":13,"featured_media":4885,"comment_status":"open","ping_status":"open","sticky":true,"template":"","format":"standard","meta":{"footnotes":""},"categories":[26],"tags":[],"class_list":{"0":"post-4884","1":"post","2":"type-post","3":"status-publish","4":"format-standard","5":"has-post-thumbnail","7":"category-cultura"},"aioseo_notices":[],"_links":{"self":[{"href":"https:\/\/tenistenis.com\/index.php\/wp-json\/wp\/v2\/posts\/4884","targetHints":{"allow":["GET"]}}],"collection":[{"href":"https:\/\/tenistenis.com\/index.php\/wp-json\/wp\/v2\/posts"}],"about":[{"href":"https:\/\/tenistenis.com\/index.php\/wp-json\/wp\/v2\/types\/post"}],"author":[{"embeddable":true,"href":"https:\/\/tenistenis.com\/index.php\/wp-json\/wp\/v2\/users\/13"}],"replies":[{"embeddable":true,"href":"https:\/\/tenistenis.com\/index.php\/wp-json\/wp\/v2\/comments?post=4884"}],"version-history":[{"count":1,"href":"https:\/\/tenistenis.com\/index.php\/wp-json\/wp\/v2\/posts\/4884\/revisions"}],"predecessor-version":[{"id":4888,"href":"https:\/\/tenistenis.com\/index.php\/wp-json\/wp\/v2\/posts\/4884\/revisions\/4888"}],"wp:featuredmedia":[{"embeddable":true,"href":"https:\/\/tenistenis.com\/index.php\/wp-json\/wp\/v2\/media\/4885"}],"wp:attachment":[{"href":"https:\/\/tenistenis.com\/index.php\/wp-json\/wp\/v2\/media?parent=4884"}],"wp:term":[{"taxonomy":"category","embeddable":true,"href":"https:\/\/tenistenis.com\/index.php\/wp-json\/wp\/v2\/categories?post=4884"},{"taxonomy":"post_tag","embeddable":true,"href":"https:\/\/tenistenis.com\/index.php\/wp-json\/wp\/v2\/tags?post=4884"}],"curies":[{"name":"wp","href":"https:\/\/api.w.org\/{rel}","templated":true}]}}