{"id":4633,"date":"2024-06-19T00:20:39","date_gmt":"2024-06-19T00:20:39","guid":{"rendered":"https:\/\/tenistenis.com\/?p=4633"},"modified":"2024-06-19T00:20:40","modified_gmt":"2024-06-19T00:20:40","slug":"entre-polemica-alejandro-fernandez-cancela-concierto-en-sonora-por-problemas-de-salud","status":"publish","type":"post","link":"https:\/\/tenistenis.com\/index.php\/2024\/06\/19\/entre-polemica-alejandro-fernandez-cancela-concierto-en-sonora-por-problemas-de-salud\/","title":{"rendered":"ENTRE POL\u00c9MICA ALEJANDRO FERN\u00c1NDEZ CANCELA CONCIERTO EN SONORA POR PROBLEMAS DE SALUD"},"content":{"rendered":"\n<p>Una de las figuras m\u00e1s importantes dentro del g\u00e9nero regional mexicano es Alejandro Fern\u00e1ndez, e incluso no solo dentro de este sector musical, sino tambi\u00e9n en el pop donde ha contado con grandes temas que han triunfado siendo reconocidos por su p\u00fablico y llev\u00e1ndolo a ganar grandes galardones debido a sus ventas.<\/p>\n\n\n\n<p>Pero tras esa gran trayectoria, desde hace un tiempo para ac\u00e1 el artista se ha visto envuelto en muchos esc\u00e1ndalos que abarcan sobre todo su vida personal, desde sus preferencias sexuales, hasta su estado de ebriedad con el que lamentablemente en muchas ocasiones se ha presentado sobre el escenario de distintos foros y lugares, tanto a nivel nacional como internacional.<\/p>\n\n\n\n<figure class=\"wp-block-embed is-type-video is-provider-youtube wp-block-embed-youtube wp-embed-aspect-16-9 wp-has-aspect-ratio\"><div class=\"wp-block-embed__wrapper\">\n<iframe loading=\"lazy\" title=\"Alejandro Fern\u00e1ndez - No Se Me Hace F\u00e1cil\" width=\"696\" height=\"392\" src=\"https:\/\/www.youtube.com\/embed\/jCYQJKbpr7I?feature=oembed\" frameborder=\"0\" allow=\"accelerometer; autoplay; clipboard-write; encrypted-media; gyroscope; picture-in-picture; web-share\" referrerpolicy=\"strict-origin-when-cross-origin\" allowfullscreen><\/iframe>\n<\/div><\/figure>\n\n\n\n<p>En esta ocasi\u00f3n, hace unos d\u00edas Alejandro tuvo que disculparse con gente de Hermosillo, pues cancel\u00f3 un concierto debido a problemas de salud.<\/p>\n\n\n\n<p>Y es que Alejandro Fern\u00e1ndez tuvo que cancelar un concierto programado en la ciudad de Hermosillo, en Sonora, debido a una fuerte gripe que evolucion\u00f3, detall\u00f3 en redes sociales que incluso podr\u00eda afectar una cuerda si no se cuidaba.<\/p>\n\n\n\n<p><strong>EL POTRILLO OFRECE UNA DISCULPA A TRAV\u00c9S DE SUS REDES<\/strong><\/p>\n\n\n\n<figure class=\"wp-block-image size-full\"><img loading=\"lazy\" decoding=\"async\" width=\"927\" height=\"518\" src=\"http:\/\/tenistenis.com\/wp-content\/uploads\/2024\/06\/ALEJANDROFERNANDEZRETIROMOTIVOSDESALUD2.jpg\" alt=\"\" class=\"wp-image-4635\" srcset=\"https:\/\/tenistenis.com\/wp-content\/uploads\/2024\/06\/ALEJANDROFERNANDEZRETIROMOTIVOSDESALUD2.jpg 927w, https:\/\/tenistenis.com\/wp-content\/uploads\/2024\/06\/ALEJANDROFERNANDEZRETIROMOTIVOSDESALUD2-300x168.jpg 300w, https:\/\/tenistenis.com\/wp-content\/uploads\/2024\/06\/ALEJANDROFERNANDEZRETIROMOTIVOSDESALUD2-768x429.jpg 768w\" sizes=\"auto, (max-width: 927px) 100vw, 927px\" \/><\/figure>\n\n\n\n<p><strong>FOTO: UNO TV<\/strong><\/p>\n\n\n\n<p>Fue a trav\u00e9s de su cuenta de IG, que el cantante comparti\u00f3 un video donde explic\u00f3 lo ocurrido y por qu\u00e9 de la cancelaci\u00f3n del concierto.<\/p>\n\n\n\n<p><strong>&nbsp;\u201cVen\u00eda mal, ya con una gripa muy fuerte, pero normalmente siempre o jam\u00e1s en mi vida me hab\u00eda afectado cantar con gripa. Pero ayer y el fin de semana pasado estuvimos en Chihuahua, estaba haciendo much\u00edsimo calor y los cambios de temperatura, yo creo que fueron los que me afectaron\u201d. Mencion\u00f3.<\/strong><\/p>\n\n\n\n<p>&nbsp;Por tal motivo, la gripe que obtuvo se convirti\u00f3 en una laringitis, y el mismo potrillo considera que pudo ser por una fuerte ventila de aire en el pasado concierto.<\/p>\n\n\n\n<p>Tras esta explicaci\u00f3n, el cantante tambi\u00e9n detall\u00f3 su sentir hacia su p\u00fablico:<\/p>\n\n\n\n<p><strong>\u201cLes quiero much\u00edsimo a toda la gente de Sonora, a toda la gente de Hermosillo, mil disculpas, pero, pues como ver\u00e1n, si sigo as\u00ed, puede ser perjudicial, puede ser peor la cosa, me puedo lastimar una cuerda o algo, porque vinieron me inyectaron, me infiltraron de hecho y aun as\u00ed no me sale la voz, no puedo\u201d.<\/strong><\/p>\n\n\n\n<p><strong>MENSAJES DE APOYO PARA EL POTRILLO<\/strong><\/p>\n\n\n\n<figure class=\"wp-block-image size-full\"><img loading=\"lazy\" decoding=\"async\" width=\"958\" height=\"596\" src=\"http:\/\/tenistenis.com\/wp-content\/uploads\/2024\/06\/ALEJANDROFERNANDEZRETIROMOTIVOSDESALUD3-1.jpg\" alt=\"\" class=\"wp-image-4636\" srcset=\"https:\/\/tenistenis.com\/wp-content\/uploads\/2024\/06\/ALEJANDROFERNANDEZRETIROMOTIVOSDESALUD3-1.jpg 958w, https:\/\/tenistenis.com\/wp-content\/uploads\/2024\/06\/ALEJANDROFERNANDEZRETIROMOTIVOSDESALUD3-1-300x187.jpg 300w, https:\/\/tenistenis.com\/wp-content\/uploads\/2024\/06\/ALEJANDROFERNANDEZRETIROMOTIVOSDESALUD3-1-768x478.jpg 768w\" sizes=\"auto, (max-width: 958px) 100vw, 958px\" \/><\/figure>\n\n\n\n<p>Desde este suceso, el cantante fue bombardeado de mensajes de apoyo por parte de sus seguidores a trav\u00e9s de sus redes, d\u00e1ndole todo el \u00e1nimo para que se mejore, priorizando que lo m\u00e1s importante es su salud.<\/p>\n\n\n\n<p><a href=\"https:\/\/youtu.be\/UhMgbC_IQr8?si=B8wWsSWi7DOg8s3Z\">https:\/\/youtu.be\/UhMgbC_IQr8?si=B8wWsSWi7DOg8s3Z<\/a><\/p>\n\n\n\n<figure class=\"wp-block-embed is-type-video is-provider-youtube wp-block-embed-youtube wp-embed-aspect-16-9 wp-has-aspect-ratio\"><div class=\"wp-block-embed__wrapper\">\n<iframe loading=\"lazy\" title=\"Alejandro Fernandez, Alfredo Olivas - Cobijas Ajenas (Official Video)\" width=\"696\" height=\"392\" src=\"https:\/\/www.youtube.com\/embed\/UhMgbC_IQr8?feature=oembed\" frameborder=\"0\" allow=\"accelerometer; autoplay; clipboard-write; encrypted-media; gyroscope; picture-in-picture; web-share\" referrerpolicy=\"strict-origin-when-cross-origin\" allowfullscreen><\/iframe>\n<\/div><\/figure>\n","protected":false},"excerpt":{"rendered":"<p>Una de las figuras m\u00e1s importantes dentro del g\u00e9nero regional mexicano es Alejandro Fern\u00e1ndez, e incluso no solo dentro de este sector musical, sino tambi\u00e9n en el pop donde ha contado con grandes temas que han triunfado siendo reconocidos por su p\u00fablico y llev\u00e1ndolo a ganar grandes galardones debido a sus ventas. Pero tras esa [&hellip;]<\/p>\n","protected":false},"author":12,"featured_media":4634,"comment_status":"open","ping_status":"open","sticky":true,"template":"","format":"standard","meta":{"footnotes":""},"categories":[26],"tags":[],"class_list":{"0":"post-4633","1":"post","2":"type-post","3":"status-publish","4":"format-standard","5":"has-post-thumbnail","7":"category-cultura"},"aioseo_notices":[],"_links":{"self":[{"href":"https:\/\/tenistenis.com\/index.php\/wp-json\/wp\/v2\/posts\/4633","targetHints":{"allow":["GET"]}}],"collection":[{"href":"https:\/\/tenistenis.com\/index.php\/wp-json\/wp\/v2\/posts"}],"about":[{"href":"https:\/\/tenistenis.com\/index.php\/wp-json\/wp\/v2\/types\/post"}],"author":[{"embeddable":true,"href":"https:\/\/tenistenis.com\/index.php\/wp-json\/wp\/v2\/users\/12"}],"replies":[{"embeddable":true,"href":"https:\/\/tenistenis.com\/index.php\/wp-json\/wp\/v2\/comments?post=4633"}],"version-history":[{"count":1,"href":"https:\/\/tenistenis.com\/index.php\/wp-json\/wp\/v2\/posts\/4633\/revisions"}],"predecessor-version":[{"id":4637,"href":"https:\/\/tenistenis.com\/index.php\/wp-json\/wp\/v2\/posts\/4633\/revisions\/4637"}],"wp:featuredmedia":[{"embeddable":true,"href":"https:\/\/tenistenis.com\/index.php\/wp-json\/wp\/v2\/media\/4634"}],"wp:attachment":[{"href":"https:\/\/tenistenis.com\/index.php\/wp-json\/wp\/v2\/media?parent=4633"}],"wp:term":[{"taxonomy":"category","embeddable":true,"href":"https:\/\/tenistenis.com\/index.php\/wp-json\/wp\/v2\/categories?post=4633"},{"taxonomy":"post_tag","embeddable":true,"href":"https:\/\/tenistenis.com\/index.php\/wp-json\/wp\/v2\/tags?post=4633"}],"curies":[{"name":"wp","href":"https:\/\/api.w.org\/{rel}","templated":true}]}}