{"id":4204,"date":"2024-03-04T23:36:42","date_gmt":"2024-03-04T23:36:42","guid":{"rendered":"https:\/\/tenistenis.com\/?p=4204"},"modified":"2024-03-04T23:36:43","modified_gmt":"2024-03-04T23:36:43","slug":"malia-ann-hija-del-ex-presidente-barack-obama-debuta-como-directora-de-cine","status":"publish","type":"post","link":"https:\/\/tenistenis.com\/index.php\/2024\/03\/04\/malia-ann-hija-del-ex-presidente-barack-obama-debuta-como-directora-de-cine\/","title":{"rendered":"MALIA ANN HIJA DEL EX PRESIDENTE BARACK OBAMA DEBUTA COMO DIRECTORA DE CINE"},"content":{"rendered":"\n<p>En \u00e9pocas electorales como las que actualmente vivimos en M\u00e9xico, la pol\u00edtica p\u00fablica internacional es un foco de atenci\u00f3n en todas las vertientes, incluso de los mandatos anteriores que rompieron con alg\u00fan esquema establecido, a pesar de no tener los resultados anhelados en el \u00e1mbito pol\u00edtico, uno de esos casos es el del ex presidente estadounidense Barack Obama, quien fu el primer presidente de raza negra electo.<\/p>\n\n\n\n<p>Desde entonces, la familia del pol\u00edtico tambi\u00e9n se convirti\u00f3 en un punto p\u00fablico para la cr\u00edtica y opini\u00f3n, sobre todo Michelle Obama quien siendo la esposa de Barack logr\u00f3 contar con m\u00e1s audiencia en sus conferencias y libros editados. Pero en esta ocasi\u00f3n, la punta de esta br\u00fajula apunta a la hija mayor de los Obama, por lo que Malia Ann de 25 a\u00f1os, es nota al dar un paso importante en su carrera profesional lejos de la pol\u00edtica, pues la joven comienza su camino en la direcci\u00f3n de cine.<\/p>\n\n\n\n<p><strong>DEBUTA EN EL FESTIVAL DE CINE DE SUNDANCE<\/strong><\/p>\n\n\n\n<figure class=\"wp-block-image size-full\"><img loading=\"lazy\" decoding=\"async\" width=\"768\" height=\"555\" src=\"http:\/\/tenistenis.com\/wp-content\/uploads\/2024\/03\/MALIAANNHIJADEOBAMADIRECTORADECINE2.png\" alt=\"\" class=\"wp-image-4206\" srcset=\"https:\/\/tenistenis.com\/wp-content\/uploads\/2024\/03\/MALIAANNHIJADEOBAMADIRECTORADECINE2.png 768w, https:\/\/tenistenis.com\/wp-content\/uploads\/2024\/03\/MALIAANNHIJADEOBAMADIRECTORADECINE2-300x217.png 300w\" sizes=\"auto, (max-width: 768px) 100vw, 768px\" \/><\/figure>\n\n\n\n<p>Malia est\u00e1 reci\u00e9n graduada de la universidad de Harvard en la carrera de cine, y ya comienza a abrirse paso en la industria, dando un salto en uno de los m\u00e1ximos festivales de cine de arte como lo es el de Sundance.<\/p>\n\n\n\n<p>En dicho festival, estren\u00f3 el cortometraje de nombre \u201cThe Heart\u201d, un proyecto de 18 minutos escrito y dirigido por ella, y protagonizado por los actores Tunde Adebimpe, LaTonya Borsay y John Weigand.<\/p>\n\n\n\n<p>En esta trama, un hombre solitario lamenta la muerte de su madre despu\u00e9s de que ella deja una petici\u00f3n inusual en su testamento.<\/p>\n\n\n\n<p>Un dato que ha llamado la atenci\u00f3n, es que la cineasta no utiliza el famoso apellido que la diferencia, pues en los cr\u00e9ditos solo hace uso de su nombre, lo que supone que trata de mantenerse al margen de lo pol\u00edtico que representan sus padres.<\/p>\n\n\n\n<p>Anteriormente Malia Obama dio sus primeros pasos en el mundo del cine como estudiante de secundaria en los veranos de 2014 y 2015 al hacer pasant\u00edas en estudios de televisi\u00f3n en Nueva York y Los \u00c1ngeles.<\/p>\n\n\n\n<p>En febrero de 2017 inici\u00f3 una pasant\u00eda m\u00e1s sustancial en el estudio de cine The Weinstein Company para trabajar en la serie &#8220;Girls&#8221;.<\/p>\n\n\n\n<figure class=\"wp-block-image size-full\"><img loading=\"lazy\" decoding=\"async\" width=\"921\" height=\"518\" src=\"http:\/\/tenistenis.com\/wp-content\/uploads\/2024\/03\/MALIAANNHIJADEOBAMADIRECTORADECINE3.png\" alt=\"\" class=\"wp-image-4205\" srcset=\"https:\/\/tenistenis.com\/wp-content\/uploads\/2024\/03\/MALIAANNHIJADEOBAMADIRECTORADECINE3.png 921w, https:\/\/tenistenis.com\/wp-content\/uploads\/2024\/03\/MALIAANNHIJADEOBAMADIRECTORADECINE3-300x169.png 300w, https:\/\/tenistenis.com\/wp-content\/uploads\/2024\/03\/MALIAANNHIJADEOBAMADIRECTORADECINE3-768x432.png 768w\" sizes=\"auto, (max-width: 921px) 100vw, 921px\" \/><\/figure>\n\n\n\n<p>Al llegar el 2021 comenz\u00f3 a trabajar como escritora en una serie creada para Amazon Prime, de nombre \u201cSwarm\u201d.<\/p>\n\n\n\n<p>Conseguir que un cortometraje sea aceptado en Sundance es extremadamente competitivo, reciben m\u00e1s de 10.000 inscripciones al a\u00f1o y s\u00f3lo seleccionan alrededor de 200 para participar.<\/p>\n\n\n\n<p>En su video Meet the Artist para su pel\u00edcula debut en Sundance, Malia dijo: <strong><em>&#8220;La pel\u00edcula trata sobre objetos perdidos y personas solitarias y el perd\u00f3n y el arrepentimiento\u2026.Esperamos que disfrutes de la pel\u00edcula y que te haga sentir un poco menos solo o al menos te recuerde que no te olvides de las personas que s\u00ed lo est\u00e1n&#8221;.<\/em><\/strong><a href=\"https:\/\/youtu.be\/xTuP-YOZCAY?si=gyUx6XU9dRVzc8Zw\">https:\/\/youtu.be\/xTuP-YOZCAY?si=gyUx6XU9dRVzc8Zw<\/a><\/p>\n","protected":false},"excerpt":{"rendered":"<p>En \u00e9pocas electorales como las que actualmente vivimos en M\u00e9xico, la pol\u00edtica p\u00fablica internacional es un foco de atenci\u00f3n en todas las vertientes, incluso de los mandatos anteriores que rompieron con alg\u00fan esquema establecido, a pesar de no tener los resultados anhelados en el \u00e1mbito pol\u00edtico, uno de esos casos es el del ex presidente [&hellip;]<\/p>\n","protected":false},"author":13,"featured_media":4207,"comment_status":"closed","ping_status":"closed","sticky":true,"template":"","format":"standard","meta":{"footnotes":""},"categories":[26],"tags":[],"class_list":{"0":"post-4204","1":"post","2":"type-post","3":"status-publish","4":"format-standard","5":"has-post-thumbnail","7":"category-cultura"},"aioseo_notices":[],"_links":{"self":[{"href":"https:\/\/tenistenis.com\/index.php\/wp-json\/wp\/v2\/posts\/4204","targetHints":{"allow":["GET"]}}],"collection":[{"href":"https:\/\/tenistenis.com\/index.php\/wp-json\/wp\/v2\/posts"}],"about":[{"href":"https:\/\/tenistenis.com\/index.php\/wp-json\/wp\/v2\/types\/post"}],"author":[{"embeddable":true,"href":"https:\/\/tenistenis.com\/index.php\/wp-json\/wp\/v2\/users\/13"}],"replies":[{"embeddable":true,"href":"https:\/\/tenistenis.com\/index.php\/wp-json\/wp\/v2\/comments?post=4204"}],"version-history":[{"count":1,"href":"https:\/\/tenistenis.com\/index.php\/wp-json\/wp\/v2\/posts\/4204\/revisions"}],"predecessor-version":[{"id":4208,"href":"https:\/\/tenistenis.com\/index.php\/wp-json\/wp\/v2\/posts\/4204\/revisions\/4208"}],"wp:featuredmedia":[{"embeddable":true,"href":"https:\/\/tenistenis.com\/index.php\/wp-json\/wp\/v2\/media\/4207"}],"wp:attachment":[{"href":"https:\/\/tenistenis.com\/index.php\/wp-json\/wp\/v2\/media?parent=4204"}],"wp:term":[{"taxonomy":"category","embeddable":true,"href":"https:\/\/tenistenis.com\/index.php\/wp-json\/wp\/v2\/categories?post=4204"},{"taxonomy":"post_tag","embeddable":true,"href":"https:\/\/tenistenis.com\/index.php\/wp-json\/wp\/v2\/tags?post=4204"}],"curies":[{"name":"wp","href":"https:\/\/api.w.org\/{rel}","templated":true}]}}