{"id":3829,"date":"2024-01-01T19:00:07","date_gmt":"2024-01-01T19:00:07","guid":{"rendered":"https:\/\/tenistenis.com\/?p=3829"},"modified":"2024-02-20T08:53:34","modified_gmt":"2024-02-20T08:53:34","slug":"hasta-cuando-volvera-a-pisar-el-escenario-celine-dion-tras-su-terrible-padecimiento","status":"publish","type":"post","link":"https:\/\/tenistenis.com\/index.php\/2024\/01\/01\/hasta-cuando-volvera-a-pisar-el-escenario-celine-dion-tras-su-terrible-padecimiento\/","title":{"rendered":"\u00bfHASTA CUANDO VOLVER\u00c1 A PISAR EL ESCENARIO CELINE DION TRAS SU TERRIBLE PADECIMIENTO?"},"content":{"rendered":"\n<p>Durante este a\u00f1o 2023 que est\u00e1 por culminar, una de las notas m\u00e1s emotivas e impactantes fue la del estado de salud de la cantante canadiense Celine Dion, pues se dio a conocer que la int\u00e9rprete padec\u00eda una enfermedad cr\u00f3nica denominada \u201cS\u00edndrome de la Persona R\u00edgida (SPR)\u201d, la cual es considerada como una enfermedad extra\u00f1a ya que solo una persona en un mill\u00f3n la padece.<\/p>\n\n\n\n<p>Lo que se sabe actualmente de su estado de salud fue a trav\u00e9s de su hermana Claudette Lion, tambi\u00e9n cantante, en una entrevista concedida al programa canadiense &#8216;7 Jours&#8217;, donde mencion\u00f3: &#8220;Ha perdido el control de sus m\u00fasculos&#8221;.<\/p>\n\n\n\n<p>Adem\u00e1s de que su salud se deteriora cada vez m\u00e1s, fue justamente hace un a\u00f1o cuando la cantante fue diagnosticada con esta enfermedad neurol\u00f3gica que ataca al sistema nervioso central, causando espasmos musculares, agarrotando las extremidades y bloqueando el tronco. De lo cual deriva su nombre.<\/p>\n\n\n\n<p><strong>LOS PLANES CAMBIARON ANTE LA CRUDA REALIDAD<\/strong><\/p>\n\n\n\n<p>Como se sabe, la cantante tuvo que cambiar muchos de los planes que ten\u00eda contemplados tanto en 2023 como en 2024, como cancelar la gira &#8216;Courage World Tour&#8217;, con conciertos previstos <a href=\"https:\/\/padompu.com\/\">sbobet<\/a> hasta abril de 2024, a afrontar la realidad de una enfermedad degenerativa ante la que ni tratamientos ni terapias est\u00e1n funcionando.<\/p>\n\n\n\n<figure class=\"wp-block-image size-large\"><img loading=\"lazy\" decoding=\"async\" width=\"1024\" height=\"616\" src=\"http:\/\/tenistenis.com\/wp-content\/uploads\/2024\/01\/CELINEDIONYSUESTADODESALUD2-1024x616.jpg\" alt=\"\" class=\"wp-image-3831\" srcset=\"https:\/\/tenistenis.com\/wp-content\/uploads\/2024\/01\/CELINEDIONYSUESTADODESALUD2-1024x616.jpg 1024w, https:\/\/tenistenis.com\/wp-content\/uploads\/2024\/01\/CELINEDIONYSUESTADODESALUD2-300x180.jpg 300w, https:\/\/tenistenis.com\/wp-content\/uploads\/2024\/01\/CELINEDIONYSUESTADODESALUD2-768x462.jpg 768w, https:\/\/tenistenis.com\/wp-content\/uploads\/2024\/01\/CELINEDIONYSUESTADODESALUD2-1536x923.jpg 1536w, https:\/\/tenistenis.com\/wp-content\/uploads\/2024\/01\/CELINEDIONYSUESTADODESALUD2-1600x962.jpg 1600w, https:\/\/tenistenis.com\/wp-content\/uploads\/2024\/01\/CELINEDIONYSUESTADODESALUD2.jpg 1996w\" sizes=\"auto, (max-width: 1024px) 100vw, 1024px\" \/><\/figure>\n\n\n\n<p>Dentro de los detalles que tambi\u00e9n dio la hermana de Celine, fue que como las cuerdas vocales son m\u00fasculos, se han afectado, lo que evidentemente ocasiona que la cantante no pueda usar su ic\u00f3nica voz, sumando tambi\u00e9n su preocupaci\u00f3n al funcionamiento del coraz\u00f3n de la canadiense, pues tambi\u00e9n estamos hablando de un m\u00fasculo.<\/p>\n\n\n\n<p><strong><em>&#8220;Debido a que es un caso entre un mill\u00f3n, los cient\u00edficos no han investigado mucho sobre el SPR, pues es algo que no afecta a tanta gente. Algunos han perdido la esperanza porque es una enfermedad que no se conoce&#8221;,<\/em><\/strong> a\u00f1adi\u00f3 Claudette.<\/p>\n\n\n\n<p><strong>EL SENTIR DE CELINE ANTE SUS SEGUIDORES<\/strong><\/p>\n\n\n\n<p>Desde hace un tiempo, la misma Celine decidi\u00f3 hablar sobre su situaci\u00f3n de manera p\u00fablica a trav\u00e9s de sus redes sociales, para que sus seguidores tambi\u00e9n supieran la batalla que enfrenta, por lo que mencionaba:<\/p>\n\n\n\n<p><strong><em>&#8220;Los espasmos afectan todos los aspectos de mi vida. A veces me dificultan hasta el caminar y tampoco me permiten usar las cuerdas vocales como lo hac\u00eda antes&#8221;.<\/em><\/strong><\/p>\n\n\n\n<figure class=\"wp-block-image size-large\"><img loading=\"lazy\" decoding=\"async\" width=\"1024\" height=\"576\" src=\"http:\/\/tenistenis.com\/wp-content\/uploads\/2024\/01\/CELINEDIONYSUESTADODESALUD3-1024x576.jpg\" alt=\"\" class=\"wp-image-3830\" srcset=\"https:\/\/tenistenis.com\/wp-content\/uploads\/2024\/01\/CELINEDIONYSUESTADODESALUD3-1024x576.jpg 1024w, https:\/\/tenistenis.com\/wp-content\/uploads\/2024\/01\/CELINEDIONYSUESTADODESALUD3-300x169.jpg 300w, https:\/\/tenistenis.com\/wp-content\/uploads\/2024\/01\/CELINEDIONYSUESTADODESALUD3-768x432.jpg 768w, https:\/\/tenistenis.com\/wp-content\/uploads\/2024\/01\/CELINEDIONYSUESTADODESALUD3.jpg 1200w\" sizes=\"auto, (max-width: 1024px) 100vw, 1024px\" \/><\/figure>\n\n\n\n<p>Sin duda, es una fuerte situaci\u00f3n la que enfrenta la cantante, pues una de las grandes ovaciones que ha tenido a lo largo de su carrera es justamente la de su voz, lo que hace que esta enfermedad sea a\u00fan m\u00e1s dif\u00edcil de afrontar para ella. Sin embargo, no deja de luchar y de recibir muestras de apoyo y cari\u00f1o de sus fan\u00e1ticos. Celine sigue trabajando d\u00eda a d\u00eda.<\/p>\n\n\n\n<p><strong><em>&#8220;Un gran equipo m\u00e9dico trabaja junto a m\u00ed para ayudarme a ponerme bien y tambi\u00e9n me dan esperanza y apoyo mis hijos&#8221;,<\/em><\/strong> comentaba en redes sociales.<\/p>\n\n\n\n<p>Finalmente la hermana de Celine, mencion\u00f3 de manera positiva el deseo de su hermana de volver a los escenarios, explicando que dijo que no sab\u00eda de qu\u00e9 manera lo har\u00eda pero que lograr\u00eda despedirse de sus fans sobre un escenario. Objetivo que evidentemente se espera lo logre con un mejor estado de salud f\u00edsica y emocional.<\/p>\n\n\n\n<p>A pesar de la delicada situaci\u00f3n, la mejor manera de recordar a la leyenda de la m\u00fasica, es a trav\u00e9s de sus propias notas.<\/p>\n\n\n\n<figure class=\"wp-block-embed is-type-video is-provider-youtube wp-block-embed-youtube wp-embed-aspect-16-9 wp-has-aspect-ratio\"><div class=\"wp-block-embed__wrapper\">\n<iframe loading=\"lazy\" title=\"C\u00e9line Dion - I Drove All Night (Taking Chances World Tour: The Concert)\" width=\"696\" height=\"392\" src=\"https:\/\/www.youtube.com\/embed\/2MFE2x9LO5M?feature=oembed\" frameborder=\"0\" allow=\"accelerometer; autoplay; clipboard-write; encrypted-media; gyroscope; picture-in-picture; web-share\" referrerpolicy=\"strict-origin-when-cross-origin\" allowfullscreen><\/iframe>\n<\/div><\/figure>\n","protected":false},"excerpt":{"rendered":"<p>Durante este a\u00f1o 2023 que est\u00e1 por culminar, una de las notas m\u00e1s emotivas e impactantes fue la del estado de salud de la cantante canadiense Celine Dion, pues se dio a conocer que la int\u00e9rprete padec\u00eda una enfermedad cr\u00f3nica denominada \u201cS\u00edndrome de la Persona R\u00edgida (SPR)\u201d, la cual es considerada como una enfermedad extra\u00f1a [&hellip;]<\/p>\n","protected":false},"author":13,"featured_media":3832,"comment_status":"open","ping_status":"open","sticky":true,"template":"","format":"standard","meta":{"footnotes":""},"categories":[26],"tags":[],"class_list":{"0":"post-3829","1":"post","2":"type-post","3":"status-publish","4":"format-standard","5":"has-post-thumbnail","7":"category-cultura"},"aioseo_notices":[],"_links":{"self":[{"href":"https:\/\/tenistenis.com\/index.php\/wp-json\/wp\/v2\/posts\/3829","targetHints":{"allow":["GET"]}}],"collection":[{"href":"https:\/\/tenistenis.com\/index.php\/wp-json\/wp\/v2\/posts"}],"about":[{"href":"https:\/\/tenistenis.com\/index.php\/wp-json\/wp\/v2\/types\/post"}],"author":[{"embeddable":true,"href":"https:\/\/tenistenis.com\/index.php\/wp-json\/wp\/v2\/users\/13"}],"replies":[{"embeddable":true,"href":"https:\/\/tenistenis.com\/index.php\/wp-json\/wp\/v2\/comments?post=3829"}],"version-history":[{"count":1,"href":"https:\/\/tenistenis.com\/index.php\/wp-json\/wp\/v2\/posts\/3829\/revisions"}],"predecessor-version":[{"id":3833,"href":"https:\/\/tenistenis.com\/index.php\/wp-json\/wp\/v2\/posts\/3829\/revisions\/3833"}],"wp:featuredmedia":[{"embeddable":true,"href":"https:\/\/tenistenis.com\/index.php\/wp-json\/wp\/v2\/media\/3832"}],"wp:attachment":[{"href":"https:\/\/tenistenis.com\/index.php\/wp-json\/wp\/v2\/media?parent=3829"}],"wp:term":[{"taxonomy":"category","embeddable":true,"href":"https:\/\/tenistenis.com\/index.php\/wp-json\/wp\/v2\/categories?post=3829"},{"taxonomy":"post_tag","embeddable":true,"href":"https:\/\/tenistenis.com\/index.php\/wp-json\/wp\/v2\/tags?post=3829"}],"curies":[{"name":"wp","href":"https:\/\/api.w.org\/{rel}","templated":true}]}}