{"id":3657,"date":"2023-10-13T20:54:13","date_gmt":"2023-10-13T20:54:13","guid":{"rendered":"https:\/\/tenistenis.com\/?p=3657"},"modified":"2023-10-13T20:54:15","modified_gmt":"2023-10-13T20:54:15","slug":"coco-un-festival-para-recordar-se-presentara-en-cdmx-como-parte-del-festejo-de-dia-de-muertos","status":"publish","type":"post","link":"https:\/\/tenistenis.com\/index.php\/2023\/10\/13\/coco-un-festival-para-recordar-se-presentara-en-cdmx-como-parte-del-festejo-de-dia-de-muertos\/","title":{"rendered":"\u201cCOCO: UN FESTIVAL PARA RECORDAR\u201d, SE PRESENTAR\u00c1 EN CDMX COMO PARTE DEL FESTEJO DE D\u00cdA DE MUERTOS"},"content":{"rendered":"\n<p><\/p>\n\n\n\n<p id=\"block-469d13bd-ab87-418f-abd0-aedf3a330916\">A pesar de que la cinta \u201cCoco\u201d, tiene mucho tiempo de haberse estrenado, parece que para la celebraci\u00f3n de D\u00eda de Muertos no tiene vigencia, pues la festividad tan t\u00edpica de M\u00e9xico, la ha adoptado desde su aparici\u00f3n en pantalla hasta la fecha.<br>En este 2023, la Ciudad de M\u00e9xico ser\u00e1 el escenario ideal para que esta pel\u00edcula tenga su propio festival, dentro de la celebraci\u00f3n para conmemorar a los fieles difuntos.<br>La trama de Coco, la conocimos en el 2017, desde entonces la historia y voz de Miguel han sido bien recibidos por la cultura mexicana, y es que la forma de representar una de las m\u00e1s t\u00edpicas y ovacionadas fiestas de M\u00e9xico, fueron del agrado de la audiencia desde aquel estreno de la cinta.<br>Como mencion\u00e1bamos la Ciudad de M\u00e9xico ser\u00e1 sede este a\u00f1o, de un festival que promete ser toda una experiencia para los asistentes, a quienes llevar\u00e1 al mundo de los muertos, y el cual incluir\u00e1 m\u00fasica en vivo y varios invitados.<br>Coco no s\u00f3lo se gan\u00f3 al p\u00fablico sino tambi\u00e9n a la Academia, la cual le otorg\u00f3 en 2018 dos Premios Oscar: Mejor Pel\u00edcula Animada y Mejor Canci\u00f3n Original por Recu\u00e9rdame.<br><\/p>\n\n\n\n<p><\/p>\n\n\n\n<figure class=\"wp-block-embed is-type-video is-provider-youtube wp-block-embed-youtube wp-embed-aspect-16-9 wp-has-aspect-ratio\"><div class=\"wp-block-embed__wrapper\">\n <iframe loading=\"lazy\" title=\"Carlos Rivera - Recu\u00e9rdame (De &quot;Coco&quot;\/Versi\u00f3n de Carlos Rivera\/Official Video)\" width=\"696\" height=\"392\" src=\"https:\/\/www.youtube.com\/embed\/cfzmjgpx-VE?feature=oembed\" frameborder=\"0\" allow=\"accelerometer; autoplay; clipboard-write; encrypted-media; gyroscope; picture-in-picture; web-share\" referrerpolicy=\"strict-origin-when-cross-origin\" allowfullscreen><\/iframe>\n<\/div><\/figure>\n\n\n\n<p id=\"block-469d13bd-ab87-418f-abd0-aedf3a330916\"><br>M\u00c1S SOBRE ESTE FESTIVAL EN LA CIUDAD DE M\u00c9XICO<\/p>\n\n\n\n<p id=\"block-1dd636e4-27fc-45b4-9dc3-683828c4f5f3\">Este concepto llamado \u201cCoco: Un festival para recordar\u201d se realizar\u00e1 los pr\u00f3ximos 3 y 4 de noviembre en la Plaza de Toros M\u00e9xico, ubicada en la colonia Ciudad de los Deportes, en la alcald\u00eda Benito Ju\u00e1rez, a un costado del que era el estadio del Cruz Azul.<br>Hasta ahora se sabe que comenzar\u00e1 a partir de a las 19:00 horas y est\u00e1 programado que dure tres horas, ya que incluir\u00e1 diversas actividades, entre ellos un concierto que incluir\u00e1 las canciones de la pel\u00edcula y otros temas.<br>\u00bfUN VIAJE ENTRE VIVOS Y MUERTOS?<br>A trav\u00e9s de distintas actividades, este festival pretende llevar a sus asistentes por un viaje entre la vida y la muerte, por lo que se contar\u00e1 con:<br>*Proyecci\u00f3n de la pel\u00edcula Coco<br>*Show musical<br>*Ofrenda interactiva<br>*Desfile de alebrijes, calaveras y personajes m\u00e1gicos<br>*Participaci\u00f3n especial de MYST<\/p>\n\n\n\n<p id=\"block-a6362ad7-9822-4c34-94dc-0c4b3a112b28\">Dentro del talento que cantar\u00e1 las piezas musicales de la pel\u00edcula, se encuentran: Natalia Jim\u00e9nez, Pedro Fern\u00e1ndez, Eugenia Le\u00f3n, Omar Chaparro, y Sandra Echeverr\u00eda. Adem\u00e1s de destacar que la direcci\u00f3n musical de este evento estar\u00e1 a cargo del m\u00fasico y productor Chacho Gayt\u00e1n.<br>Sin dejar de mencionar la participaci\u00f3n del Ballet Folkl\u00f3rico de M\u00e9xico, ofreciendo un gran espect\u00e1culo de danza, en torno a nuestra celebraci\u00f3n de D\u00eda de Muertos.<br>Los boletos para el festival de Coco en la CDMX ya est\u00e1n a la venta y pueden comprarse en taquillas de la Plaza M\u00e9xico o a trav\u00e9s del sitio web de Superboletos.<br><\/p>\n\n\n\n<figure class=\"wp-block-image size-full is-resized\"><img loading=\"lazy\" decoding=\"async\" width=\"240\" height=\"135\" src=\"https:\/\/tenistenis.com\/wp-content\/uploads\/2023\/10\/image.png\" alt=\"\" class=\"wp-image-3658\" style=\"aspect-ratio:1.7777777777777777;width:636px;height:auto\"\/><\/figure>\n\n\n\n<p><br>https:\/\/youtu.be\/ZZkVaNWvatM?si=So9Mlkr-J20xCReo<\/p>\n\n\n\n<figure class=\"wp-block-embed is-type-video is-provider-youtube wp-block-embed-youtube wp-embed-aspect-16-9 wp-has-aspect-ratio\"><div class=\"wp-block-embed__wrapper\">\n <iframe loading=\"lazy\" title=\"Luis \u00c1ngel G\u00f3mez Jaramillo - El Latido de mi Coraz\u00f3n (De \u201cCoco\u201d\/Con letra)\" width=\"696\" height=\"392\" src=\"https:\/\/www.youtube.com\/embed\/ZZkVaNWvatM?feature=oembed\" frameborder=\"0\" allow=\"accelerometer; autoplay; clipboard-write; encrypted-media; gyroscope; picture-in-picture; web-share\" referrerpolicy=\"strict-origin-when-cross-origin\" allowfullscreen><\/iframe>\n<\/div><\/figure>\n","protected":false},"excerpt":{"rendered":"<p>A pesar de que la cinta \u201cCoco\u201d, tiene mucho tiempo de haberse estrenado, parece que para la celebraci\u00f3n de D\u00eda de Muertos no tiene vigencia, pues la festividad tan t\u00edpica de M\u00e9xico, la ha adoptado desde su aparici\u00f3n en pantalla hasta la fecha.En este 2023, la Ciudad de M\u00e9xico ser\u00e1 el escenario ideal para que [&hellip;]<\/p>\n","protected":false},"author":13,"featured_media":3659,"comment_status":"open","ping_status":"open","sticky":true,"template":"","format":"standard","meta":{"footnotes":""},"categories":[26],"tags":[],"class_list":{"0":"post-3657","1":"post","2":"type-post","3":"status-publish","4":"format-standard","5":"has-post-thumbnail","7":"category-cultura"},"aioseo_notices":[],"_links":{"self":[{"href":"https:\/\/tenistenis.com\/index.php\/wp-json\/wp\/v2\/posts\/3657","targetHints":{"allow":["GET"]}}],"collection":[{"href":"https:\/\/tenistenis.com\/index.php\/wp-json\/wp\/v2\/posts"}],"about":[{"href":"https:\/\/tenistenis.com\/index.php\/wp-json\/wp\/v2\/types\/post"}],"author":[{"embeddable":true,"href":"https:\/\/tenistenis.com\/index.php\/wp-json\/wp\/v2\/users\/13"}],"replies":[{"embeddable":true,"href":"https:\/\/tenistenis.com\/index.php\/wp-json\/wp\/v2\/comments?post=3657"}],"version-history":[{"count":1,"href":"https:\/\/tenistenis.com\/index.php\/wp-json\/wp\/v2\/posts\/3657\/revisions"}],"predecessor-version":[{"id":3661,"href":"https:\/\/tenistenis.com\/index.php\/wp-json\/wp\/v2\/posts\/3657\/revisions\/3661"}],"wp:featuredmedia":[{"embeddable":true,"href":"https:\/\/tenistenis.com\/index.php\/wp-json\/wp\/v2\/media\/3659"}],"wp:attachment":[{"href":"https:\/\/tenistenis.com\/index.php\/wp-json\/wp\/v2\/media?parent=3657"}],"wp:term":[{"taxonomy":"category","embeddable":true,"href":"https:\/\/tenistenis.com\/index.php\/wp-json\/wp\/v2\/categories?post=3657"},{"taxonomy":"post_tag","embeddable":true,"href":"https:\/\/tenistenis.com\/index.php\/wp-json\/wp\/v2\/tags?post=3657"}],"curies":[{"name":"wp","href":"https:\/\/api.w.org\/{rel}","templated":true}]}}