{"id":3554,"date":"2023-08-29T21:00:46","date_gmt":"2023-08-29T21:00:46","guid":{"rendered":"http:\/\/tenistenis.com\/?p=3554"},"modified":"2023-08-29T21:00:48","modified_gmt":"2023-08-29T21:00:48","slug":"con-un-evento-de-tres-dias-se-llevara-a-cabo-el-estreno-del-documental-de-carlos-santana","status":"publish","type":"post","link":"https:\/\/tenistenis.com\/index.php\/2023\/08\/29\/con-un-evento-de-tres-dias-se-llevara-a-cabo-el-estreno-del-documental-de-carlos-santana\/","title":{"rendered":"CON UN EVENTO DE TRES D\u00cdAS SE LLEVAR\u00c1 A CABO EL ESTRENO DEL DOCUMENTAL DE CARLOS SANTANA"},"content":{"rendered":"\n<p>Despu\u00e9s de la especulaci\u00f3n en torno a la fecha de estreno del\ndocumental \u201cCarlos\u201d, la cual nos llevar\u00e1 de la mano por la vida y carrera del\nm\u00fasico de ra\u00edces mexicanas Carlos Santana, por fin se tiene una fecha\nestablecida en el calendario, y m\u00e1s que eso ser\u00e1n tres d\u00edas los que festejaran\nla trayectoria del guitarrista para el estreno de este proyecto que estrenar\u00e1\nen cines.<\/p>\n\n\n\n<p>Ser\u00e1 septiembre el mes que dar\u00e1 luz verde a este documental, as\u00ed\nes como los d\u00edas 23, 24 y 27 de septiembre las proyecciones incluir\u00e1n el\ndocumental m\u00e1s contenido introductorio exclusivo con Santana y el director Rudy\nValdez, dos veces ganador del Emmy. <\/p>\n\n\n\n<p>Despu\u00e9s de las proyecciones, el estreno general en cines de\n\u201cCarlos\u201d comenzar\u00e1 el 29 de septiembre.<\/p>\n\n\n\n<p>A trav\u00e9s de un comunicado de prensa Kymberli Frueh,\nvicepresidente senior de Programaci\u00f3n y Adquisiciones de Contenido de Trafalgar\nReleasing, mencion\u00f3:<\/p>\n\n\n\n<p><strong><em>\u201cCarlos Santana se encuentra entre los m\u00fasicos de \u00e9lite que\nhan trascendido d\u00e9cadas y generaciones, Desde su actuaci\u00f3n en Woodstock hasta\nsu \u00e1lbum \u00e9pico de los 90, \u2018Supernatural\u2019, este documental profundiza en su\nviaje para convertirse en una de nuestras m\u00e1s grandes leyendas de la guitarra.\nEstamos encantados de ser parte de este momento global en los cines donde los\nfans pueden experimentar la historia de su vida y m\u00fasica juntos\u201d.<\/em><\/strong><\/p>\n\n\n\n<figure class=\"wp-block-embed-youtube wp-block-embed is-type-video is-provider-youtube wp-embed-aspect-4-3 wp-has-aspect-ratio\"><div class=\"wp-block-embed__wrapper\">\n<iframe loading=\"lazy\" title=\"Santana - Soul Sacrifice 1969  Woodstock  live concierto HQ\" width=\"696\" height=\"522\" src=\"https:\/\/www.youtube.com\/embed\/JaaT_HRb4GU?feature=oembed&#038;enablejsapi=1\" frameborder=\"0\" allow=\"accelerometer; autoplay; clipboard-write; encrypted-media; gyroscope; picture-in-picture; web-share\" referrerpolicy=\"strict-origin-when-cross-origin\" allowfullscreen><\/iframe>\n<\/div><\/figure>\n\n\n\n<p>Este documental estrenado a principios del 2023 en el Festival\nde Tribeca, combina nuevas entrevistas con Santana y su familia; im\u00e1genes de\narchivo in\u00e9ditas, incluidos videos caseros grabados por el mismo Santana;\nim\u00e1genes de conciertos; momentos entre bambalinas y entrevistas con diversas\nestrellas de la m\u00fasica.<\/p>\n\n\n\n<p><strong>UN DOCUMENTAL BAJO LOS PROPIOS T\u00c9RMINOS DE SANTANA<\/strong><\/p>\n\n\n\n<p><\/p>\n\n\n\n<figure class=\"wp-block-image size-large\"><img loading=\"lazy\" decoding=\"async\" width=\"780\" height=\"520\" src=\"https:\/\/tenistenis.com\/wp-content\/uploads\/2023\/08\/SANTANADOCUMENTALESTRENOSEPTIEMBRE3.jpg\" alt=\"\" class=\"wp-image-3556\" srcset=\"https:\/\/tenistenis.com\/wp-content\/uploads\/2023\/08\/SANTANADOCUMENTALESTRENOSEPTIEMBRE3.jpg 780w, https:\/\/tenistenis.com\/wp-content\/uploads\/2023\/08\/SANTANADOCUMENTALESTRENOSEPTIEMBRE3-300x200.jpg 300w, https:\/\/tenistenis.com\/wp-content\/uploads\/2023\/08\/SANTANADOCUMENTALESTRENOSEPTIEMBRE3-768x512.jpg 768w\" sizes=\"auto, (max-width: 780px) 100vw, 780px\" \/><\/figure>\n\n\n\n<p>Las entradas para \u201cCarlos: The Santana Journey Global\nPremiere\u201d saldr\u00e1n a la venta a partir del 24 de agosto. La pel\u00edcula se\npresentar\u00e1 en cines selectos de todo el mundo bajo la producci\u00f3n de Trafalgar\nReleasing y Sony Pictures Classics. <\/p>\n\n\n\n<p>Financiado conjuntamente por Sony Music Entertainment e\nImagine Documentaries, \u201cCarlos\u201d ha sido producido por Sara Bernstein y Justin\nWilkes junto con Lizz Morhaim, y cuenta con la producci\u00f3n ejecutiva de los\nproductores ganadores del Premio de la Academia, Brian Grazer y Ron Howard para\nImagine Documentaries.<\/p>\n\n\n\n<p>La narrativa de este proyecto ser\u00e1 narrada por el mismo\nSantana, pues en sus propias palabras dijo a la producci\u00f3n que quer\u00eda hacer su\npropia pel\u00edcula, sin tener que pedir permiso para mostrarla de otra manera.<\/p>\n\n\n\n<p>El repaso por la carrera del mexicano ser\u00e1 por los momentos\nm\u00e1s importantes de su vida como su presentaci\u00f3n en Woodstock y su LP\nSupernatural (1999). Al mismo tiempo, la pel\u00edcula tendr\u00e1 entrevistas con\npersonajes invitados como su gran colaborador Rob Thomas y el productor Clive\nDavid, fundador de Arista Records. Este \u00faltimo fue responsable de firmar\ngrandes actos musicales que van desde Janis Joplin y Billy Joel, hasta\nAerosmith y Pink Floyd.<\/p>\n\n\n\n<figure class=\"wp-block-embed-youtube wp-block-embed is-type-video is-provider-youtube wp-embed-aspect-4-3 wp-has-aspect-ratio\"><div class=\"wp-block-embed__wrapper\">\n<iframe loading=\"lazy\" title=\"Santana - Smooth (Stereo) ft. Rob Thomas\" width=\"696\" height=\"522\" src=\"https:\/\/www.youtube.com\/embed\/6Whgn_iE5uc?feature=oembed&#038;enablejsapi=1\" frameborder=\"0\" allow=\"accelerometer; autoplay; clipboard-write; encrypted-media; gyroscope; picture-in-picture; web-share\" referrerpolicy=\"strict-origin-when-cross-origin\" allowfullscreen><\/iframe>\n<\/div><\/figure>\n\n\n\n<p><strong>UNA HISTORIA EN VOZ,\nM\u00daSICA Y GUITARRA DE CARLOS SANTANA<\/strong><\/p>\n\n\n\n<p>El nombre del documental, que lleva el mismo del m\u00fasico y no\nsu apellido ic\u00f3nico es debido a que se trata \u00fanicamente de \u00e9l, esto mencion\u00f3 la\npromotora de la cinta, pues detallan que quer\u00edan que se sienta como si se\nescuchara la historia de primera mano, haciendo testigo al espectador de vida,\ncarrera y camino que recorri\u00f3 el m\u00fasico para llegar a la c\u00faspide. Siendo a\ntrav\u00e9s de sus propios ojos, voz, m\u00fasica y guitarra.<\/p>\n\n\n\n<figure class=\"wp-block-image size-large\"><img loading=\"lazy\" decoding=\"async\" width=\"921\" height=\"614\" src=\"https:\/\/tenistenis.com\/wp-content\/uploads\/2023\/08\/SANTANADOCUMENTALESTRENOSEPTIEMBRE2.png\" alt=\"https:\/\/www.elminnesotadehoy.com\/wp-content\/uploads\/2022\/05\/c7f451547149e8269d28c0cf34c409a268cfcc9b.jpg\" class=\"wp-image-3557\" srcset=\"https:\/\/tenistenis.com\/wp-content\/uploads\/2023\/08\/SANTANADOCUMENTALESTRENOSEPTIEMBRE2.png 921w, https:\/\/tenistenis.com\/wp-content\/uploads\/2023\/08\/SANTANADOCUMENTALESTRENOSEPTIEMBRE2-300x200.png 300w, https:\/\/tenistenis.com\/wp-content\/uploads\/2023\/08\/SANTANADOCUMENTALESTRENOSEPTIEMBRE2-768x512.png 768w\" sizes=\"auto, (max-width: 921px) 100vw, 921px\" \/><\/figure>\n\n\n\n<p>Santana ha aclarado que no es una cinta de Hollywood, pues en\nlugar de caer en frivolidades y exceso de producci\u00f3n, quiso centrarse en que el\nresultado fuese aut\u00e9ntico y tuviera un tono \u201calegre e inspirador\u201d. <\/p>\n\n\n\n<p>Como parte de esta direcci\u00f3n creativa, el legendario m\u00fasico\ntampoco quiso acompa\u00f1ar el estreno con la publicaci\u00f3n de un CD con el\nsoundtrack, argumentando que esto ser\u00eda un desprop\u00f3sito. <\/p>\n\n\n\n<p><strong><em>\u201cTodo lo que tienes que hacer es agarrar el \u00e1lbum original,\nsea un CD o un casete, y reproducirlo despu\u00e9s de ver la pel\u00edcula\u201d.<\/em><\/strong><\/p>\n\n\n\n<p><strong><em>Carlos Santana.<\/em><\/strong><\/p>\n\n\n\n<figure class=\"wp-block-embed-youtube wp-block-embed is-type-video is-provider-youtube wp-embed-aspect-16-9 wp-has-aspect-ratio\"><div class=\"wp-block-embed__wrapper\">\n<iframe loading=\"lazy\" title=\"CARLOS: The Santana Journey Global Premiere | \u201cThe Ed Sullivan Show\u201d Official Clip\" width=\"696\" height=\"392\" src=\"https:\/\/www.youtube.com\/embed\/R2KW9mLlmJ0?feature=oembed&#038;enablejsapi=1\" frameborder=\"0\" allow=\"accelerometer; autoplay; clipboard-write; encrypted-media; gyroscope; picture-in-picture; web-share\" referrerpolicy=\"strict-origin-when-cross-origin\" allowfullscreen><\/iframe>\n<\/div><\/figure>\n","protected":false},"excerpt":{"rendered":"<p>Despu\u00e9s de la especulaci\u00f3n en torno a la fecha de estreno del documental \u201cCarlos\u201d, la cual nos llevar\u00e1 de la mano por la vida y carrera del m\u00fasico de ra\u00edces mexicanas Carlos Santana, por fin se tiene una fecha establecida en el calendario, y m\u00e1s que eso ser\u00e1n tres d\u00edas los que festejaran la trayectoria [&hellip;]<\/p>\n","protected":false},"author":13,"featured_media":3555,"comment_status":"open","ping_status":"open","sticky":true,"template":"","format":"standard","meta":{"footnotes":""},"categories":[26],"tags":[],"class_list":{"0":"post-3554","1":"post","2":"type-post","3":"status-publish","4":"format-standard","5":"has-post-thumbnail","7":"category-cultura"},"aioseo_notices":[],"_links":{"self":[{"href":"https:\/\/tenistenis.com\/index.php\/wp-json\/wp\/v2\/posts\/3554","targetHints":{"allow":["GET"]}}],"collection":[{"href":"https:\/\/tenistenis.com\/index.php\/wp-json\/wp\/v2\/posts"}],"about":[{"href":"https:\/\/tenistenis.com\/index.php\/wp-json\/wp\/v2\/types\/post"}],"author":[{"embeddable":true,"href":"https:\/\/tenistenis.com\/index.php\/wp-json\/wp\/v2\/users\/13"}],"replies":[{"embeddable":true,"href":"https:\/\/tenistenis.com\/index.php\/wp-json\/wp\/v2\/comments?post=3554"}],"version-history":[{"count":1,"href":"https:\/\/tenistenis.com\/index.php\/wp-json\/wp\/v2\/posts\/3554\/revisions"}],"predecessor-version":[{"id":3558,"href":"https:\/\/tenistenis.com\/index.php\/wp-json\/wp\/v2\/posts\/3554\/revisions\/3558"}],"wp:featuredmedia":[{"embeddable":true,"href":"https:\/\/tenistenis.com\/index.php\/wp-json\/wp\/v2\/media\/3555"}],"wp:attachment":[{"href":"https:\/\/tenistenis.com\/index.php\/wp-json\/wp\/v2\/media?parent=3554"}],"wp:term":[{"taxonomy":"category","embeddable":true,"href":"https:\/\/tenistenis.com\/index.php\/wp-json\/wp\/v2\/categories?post=3554"},{"taxonomy":"post_tag","embeddable":true,"href":"https:\/\/tenistenis.com\/index.php\/wp-json\/wp\/v2\/tags?post=3554"}],"curies":[{"name":"wp","href":"https:\/\/api.w.org\/{rel}","templated":true}]}}