{"id":2996,"date":"2022-04-13T15:00:39","date_gmt":"2022-04-13T15:00:39","guid":{"rendered":"http:\/\/tenistenis.com\/?p=2996"},"modified":"2022-04-13T15:23:52","modified_gmt":"2022-04-13T15:23:52","slug":"2996","status":"publish","type":"post","link":"https:\/\/tenistenis.com\/index.php\/2022\/04\/13\/2996\/","title":{"rendered":"CARLOS ALCARAZ PIERDE EN MONTECARLO"},"content":{"rendered":"\n<p>El empuje y la progresi\u00f3n que acompa\u00f1a la temporada de Carlos Alcaraz se estancaron en la puesta de largo de su temporada de tierra, en el Masters 1000 de Montecarlo donde debut\u00f3 con una inesperada derrota ante el estadounidense Sebastian Korda (7-6(2), 6-7(5)) y 6-3.<\/p>\n\n\n\n<p>El norteamericano, hijo del destacado jugador checo Petr Korda, es una de los prometedores tenistas del circuito. Llev\u00f3 al l\u00edmite a Rafael Nadal en Indian Wells y ahora fue capaz de someter a Alcaraz, la gran sensaci\u00f3n del curso, en un duelo que se alarg\u00f3 m\u00e1s de tres horas.<\/p>\n\n\n\n<figure class=\"wp-block-image is-resized\"><img loading=\"lazy\" decoding=\"async\" src=\"https:\/\/tenistenis.com\/wp-content\/uploads\/2022\/04\/ALCARAZ33.jpeg\" alt=\"\" width=\"578\" height=\"324\"\/><\/figure>\n\n\n\n<p>El espa\u00f1ol Carlos Alcaraz inici\u00f3 su periplo por la temporada de tierra con una derrota ante el estadounidense&nbsp;<strong>Sebastian Korda<\/strong>&nbsp;por&nbsp;<strong>7-6(2), 6-7(5) y 6-3,<\/strong>&nbsp;en tres horas de partido, en la segunda ronda del&nbsp;<strong>Masters 1000 de Montecarlo<\/strong>.<\/p>\n\n\n\n<p>Alcaraz, que estrenaba su condici\u00f3n de n\u00famero once del mundo y que<strong>&nbsp;solo hab\u00eda perdido esta temporada dos encuentros<\/strong>, contra el espa\u00f1ol Rafael Nadal en Indian Wells y el italiano Matteo Berrettini en el Abierto de Australia, estuvo distanciado de su mejor versi\u00f3n en su primera participaci\u00f3n en este torneo.<\/p>\n\n\n\n<p><strong>No fue el debut en Montecarlo como pensaba Alcaraz<\/strong>. Se encontr\u00f3 con un&nbsp;<strong>rival inc\u00f3modo<\/strong>, m\u00e1s agresivo y m\u00e1s certero. M\u00e1s adaptado al viento, a las condiciones del partido. El espa\u00f1ol, sin embargo,&nbsp;<strong>estuvo atascado<\/strong>&nbsp;por momentos. No se le vio suelto al und\u00e9cimo jugador del mundo que tuvo poca paciencia en situaciones relevantes y&nbsp;<strong>excesivamente err\u00e1tico<\/strong>.<\/p>\n\n\n\n<figure class=\"wp-block-embed-twitter wp-block-embed is-type-rich is-provider-twitter\"><div class=\"wp-block-embed__wrapper\">\nhttps:\/\/twitter.com\/ATPTour_ES\/status\/1514216748236656649\n<\/div><\/figure>\n\n\n\n<p>A\u00fan as\u00ed tuvo sus opciones Alcaraz que pretend\u00eda acabar la semana entre los diez mejores del mundo.&nbsp;<strong>Fue a contracorriente en el primer set.<\/strong>&nbsp;Se top\u00f3 con una desventaja de 4-2 y luego empat\u00f3. El parcial fue al tie break que Korda jug\u00f3 mejor.<\/p>\n\n\n\n<p>Un ejemplo de las imprecisiones que sometieron al espa\u00f1ol fue el segundo set que inici\u00f3 con autoridad, como con necesidad de desahogarse.&nbsp;Se puso con 3-0. Soltaba el pu\u00f1o en cada buena acci\u00f3n para encontrar un motivo de aliento.&nbsp;Pero despu\u00e9s de un buen punto llegaba uno peor.&nbsp;No consegu\u00eda la estabilidad Alcaraz que perdi\u00f3 su ventaja (3-3).<\/p>\n\n\n\n<p>Tuvo tres puntos de sets el murciano, al resto. Korda solvent\u00f3 la situaci\u00f3n con acierto y el desenlace volvi\u00f3 a ir al&nbsp;&#8216;tie break&#8217;donde Alcaraz se mantuvo en pie y gan\u00f3 para seguir en el partido.<\/p>\n\n\n\n<p><strong>Dio la sensaci\u00f3n de que Korda baj\u00f3 su nivel, que acus\u00f3 el cansancio y el espa\u00f1ol encarril\u00f3 la manga con cierta solvencia impulsado por el efecto del&nbsp;empate en el partido. Fue un espejismo. Del 2-0 de Alcaraz se pas\u00f3 al 2-3 de Korda que ya no cedi\u00f3 y amarr\u00f3 el triunfo despu\u00e9s de&nbsp;tres horas de partido.<\/strong><\/p>\n\n\n\n<p>El murciano, ganador esta temporada en Rio de Janeiro y el&nbsp;Masters 1000 de Miami, su mayor \u00e9xito, que se unen al de Umag el pasado a\u00f1o, cay\u00f3 ante un rival al que hab\u00eda vencido en las&nbsp;Finales ATP&nbsp;de la Futura Generaci\u00f3n en noviembre, Korda, con el ganador del encuentro entre el estadounidense Taylor Fritz, d\u00e9cimo favorito, y el croata Marin Cilic.<\/p>\n\n\n\n<p>El norteamericano, hijo del destacado jugador checo Petr Korda, es una de los prometedores tenistas del circuito.&nbsp;Llev\u00f3 al l\u00edmite a Rafael Nadal en Indian Wells&nbsp;y ahora fue capaz de someter a Alcaraz, la gran sensaci\u00f3n del curso.<\/p>\n\n\n\n<figure class=\"wp-block-image size-large\"><img loading=\"lazy\" decoding=\"async\" width=\"848\" height=\"496\" src=\"https:\/\/tenistenis.com\/wp-content\/uploads\/2022\/04\/image.png\" alt=\"\" class=\"wp-image-2997\" srcset=\"https:\/\/tenistenis.com\/wp-content\/uploads\/2022\/04\/image.png 848w, https:\/\/tenistenis.com\/wp-content\/uploads\/2022\/04\/image-300x175.png 300w, https:\/\/tenistenis.com\/wp-content\/uploads\/2022\/04\/image-768x449.png 768w\" sizes=\"auto, (max-width: 848px) 100vw, 848px\" \/><\/figure>\n\n\n\n<figure class=\"wp-block-image size-large\"><img loading=\"lazy\" decoding=\"async\" width=\"760\" height=\"420\" src=\"https:\/\/tenistenis.com\/wp-content\/uploads\/2022\/04\/image-1.png\" alt=\"\" class=\"wp-image-3002\" srcset=\"https:\/\/tenistenis.com\/wp-content\/uploads\/2022\/04\/image-1.png 760w, https:\/\/tenistenis.com\/wp-content\/uploads\/2022\/04\/image-1-300x166.png 300w\" sizes=\"auto, (max-width: 760px) 100vw, 760px\" \/><\/figure>\n\n\n\n<figure class=\"wp-block-image size-large\"><img loading=\"lazy\" decoding=\"async\" width=\"1024\" height=\"576\" src=\"https:\/\/tenistenis.com\/wp-content\/uploads\/2022\/04\/image-2-1024x576.png\" alt=\"\" class=\"wp-image-3003\" srcset=\"https:\/\/tenistenis.com\/wp-content\/uploads\/2022\/04\/image-2-1024x576.png 1024w, https:\/\/tenistenis.com\/wp-content\/uploads\/2022\/04\/image-2-300x169.png 300w, https:\/\/tenistenis.com\/wp-content\/uploads\/2022\/04\/image-2-768x432.png 768w, https:\/\/tenistenis.com\/wp-content\/uploads\/2022\/04\/image-2.png 1200w\" sizes=\"auto, (max-width: 1024px) 100vw, 1024px\" \/><\/figure>\n","protected":false},"excerpt":{"rendered":"<p>El empuje y la progresi\u00f3n que acompa\u00f1a la temporada de Carlos Alcaraz se estancaron en la puesta de largo de su temporada de tierra, en el Masters 1000 de Montecarlo donde debut\u00f3 con una inesperada derrota ante el estadounidense Sebastian Korda (7-6(2), 6-7(5)) y 6-3. El norteamericano, hijo del destacado jugador checo Petr Korda, es [&hellip;]<\/p>\n","protected":false},"author":13,"featured_media":3003,"comment_status":"open","ping_status":"open","sticky":true,"template":"","format":"standard","meta":{"footnotes":""},"categories":[35],"tags":[],"class_list":{"0":"post-2996","1":"post","2":"type-post","3":"status-publish","4":"format-standard","5":"has-post-thumbnail","7":"category-master-1000"},"aioseo_notices":[],"_links":{"self":[{"href":"https:\/\/tenistenis.com\/index.php\/wp-json\/wp\/v2\/posts\/2996","targetHints":{"allow":["GET"]}}],"collection":[{"href":"https:\/\/tenistenis.com\/index.php\/wp-json\/wp\/v2\/posts"}],"about":[{"href":"https:\/\/tenistenis.com\/index.php\/wp-json\/wp\/v2\/types\/post"}],"author":[{"embeddable":true,"href":"https:\/\/tenistenis.com\/index.php\/wp-json\/wp\/v2\/users\/13"}],"replies":[{"embeddable":true,"href":"https:\/\/tenistenis.com\/index.php\/wp-json\/wp\/v2\/comments?post=2996"}],"version-history":[{"count":2,"href":"https:\/\/tenistenis.com\/index.php\/wp-json\/wp\/v2\/posts\/2996\/revisions"}],"predecessor-version":[{"id":3004,"href":"https:\/\/tenistenis.com\/index.php\/wp-json\/wp\/v2\/posts\/2996\/revisions\/3004"}],"wp:featuredmedia":[{"embeddable":true,"href":"https:\/\/tenistenis.com\/index.php\/wp-json\/wp\/v2\/media\/3003"}],"wp:attachment":[{"href":"https:\/\/tenistenis.com\/index.php\/wp-json\/wp\/v2\/media?parent=2996"}],"wp:term":[{"taxonomy":"category","embeddable":true,"href":"https:\/\/tenistenis.com\/index.php\/wp-json\/wp\/v2\/categories?post=2996"},{"taxonomy":"post_tag","embeddable":true,"href":"https:\/\/tenistenis.com\/index.php\/wp-json\/wp\/v2\/tags?post=2996"}],"curies":[{"name":"wp","href":"https:\/\/api.w.org\/{rel}","templated":true}]}}