{"id":2982,"date":"2022-04-05T18:28:27","date_gmt":"2022-04-05T18:28:27","guid":{"rendered":"http:\/\/tenistenis.com\/?p=2982"},"modified":"2022-04-05T18:28:29","modified_gmt":"2022-04-05T18:28:29","slug":"roger-federer-ya-no-es-el-numero-1-de-suiza","status":"publish","type":"post","link":"https:\/\/tenistenis.com\/index.php\/2022\/04\/05\/roger-federer-ya-no-es-el-numero-1-de-suiza\/","title":{"rendered":"ROGER FEDERER YA NO ES EL N\u00daMERO 1 DE SUIZA"},"content":{"rendered":"\n<p>Por primera vez en 21 a\u00f1os, Roger Federer no figura en el primer puesto de la clasificaci\u00f3n nacional de jugadores de Suiza, que se actualiza dos veces al a\u00f1o y en la que el nuevo l\u00edder local es Henri Laaksonen, n\u00famero 87 en el ranking de la ATP.<\/p>\n\n\n\n<p>Federer, en el puesto 44 de la ATP, y Stan Wawrinka, otra figura del tenis suizo que actualmente ocupa el puesto 236 en la clasificaci\u00f3n internacional, no han sido incluidos esta vez en el ranking nacional por sus prolongadas lesiones.<\/p>\n","protected":false},"excerpt":{"rendered":"<p>Por primera vez en 21 a\u00f1os, Roger Federer no figura en el primer puesto de la clasificaci\u00f3n nacional de jugadores de Suiza, que se actualiza dos veces al a\u00f1o y en la que el nuevo l\u00edder local es Henri Laaksonen, n\u00famero 87 en el ranking de la ATP. Federer, en el puesto 44 de la [&hellip;]<\/p>\n","protected":false},"author":11,"featured_media":2983,"comment_status":"open","ping_status":"open","sticky":true,"template":"","format":"standard","meta":{"footnotes":""},"categories":[5],"tags":[],"class_list":{"0":"post-2982","1":"post","2":"type-post","3":"status-publish","4":"format-standard","5":"has-post-thumbnail","7":"category-tenis-atp"},"aioseo_notices":[],"_links":{"self":[{"href":"https:\/\/tenistenis.com\/index.php\/wp-json\/wp\/v2\/posts\/2982","targetHints":{"allow":["GET"]}}],"collection":[{"href":"https:\/\/tenistenis.com\/index.php\/wp-json\/wp\/v2\/posts"}],"about":[{"href":"https:\/\/tenistenis.com\/index.php\/wp-json\/wp\/v2\/types\/post"}],"author":[{"embeddable":true,"href":"https:\/\/tenistenis.com\/index.php\/wp-json\/wp\/v2\/users\/11"}],"replies":[{"embeddable":true,"href":"https:\/\/tenistenis.com\/index.php\/wp-json\/wp\/v2\/comments?post=2982"}],"version-history":[{"count":1,"href":"https:\/\/tenistenis.com\/index.php\/wp-json\/wp\/v2\/posts\/2982\/revisions"}],"predecessor-version":[{"id":2984,"href":"https:\/\/tenistenis.com\/index.php\/wp-json\/wp\/v2\/posts\/2982\/revisions\/2984"}],"wp:featuredmedia":[{"embeddable":true,"href":"https:\/\/tenistenis.com\/index.php\/wp-json\/wp\/v2\/media\/2983"}],"wp:attachment":[{"href":"https:\/\/tenistenis.com\/index.php\/wp-json\/wp\/v2\/media?parent=2982"}],"wp:term":[{"taxonomy":"category","embeddable":true,"href":"https:\/\/tenistenis.com\/index.php\/wp-json\/wp\/v2\/categories?post=2982"},{"taxonomy":"post_tag","embeddable":true,"href":"https:\/\/tenistenis.com\/index.php\/wp-json\/wp\/v2\/tags?post=2982"}],"curies":[{"name":"wp","href":"https:\/\/api.w.org\/{rel}","templated":true}]}}