{"id":2893,"date":"2022-03-05T20:56:42","date_gmt":"2022-03-05T20:56:42","guid":{"rendered":"http:\/\/tenistenis.com\/?p=2893"},"modified":"2022-03-05T20:56:44","modified_gmt":"2022-03-05T20:56:44","slug":"argentina-4-0-a-rep-checa-y-se-va-a-la-final-de-copa-davis","status":"publish","type":"post","link":"https:\/\/tenistenis.com\/index.php\/2022\/03\/05\/argentina-4-0-a-rep-checa-y-se-va-a-la-final-de-copa-davis\/","title":{"rendered":"ARGENTINA 4-0 A REP CHECA Y SE VA A LA FINAL DE COPA DAVIS"},"content":{"rendered":"\n<p>Con el triunfo en el dobles y la victoria de Federico Coria ante Vit Kopriva, Argentina redonde\u00f3 un 4-0 ante Rep\u00fablica Checa y accedi\u00f3 a la fase final de la Copa Davis luego de su ausencia en la \u00faltima edici\u00f3n.<\/p>\n\n\n\n<p>Luego de los triunfos de ayer de Sebasti\u00e1n B\u00e1ez (62) sobre Jiri Lehecka (94) y Diego &#8220;Peque&#8221; Schwartzman (14) frente a Tomas Machac (131), el equipo &#8220;albiceleste&#8221; coron\u00f3 el triunfo en la serie con la victoria en el punto de dobles de Horacio Zeballos (5) y M\u00e1ximo &#8220;Machi&#8221; Gonz\u00e1lez (24) sobre Lehecka y Machac por un doble 6-4 en una hora y 29 minutos de juego.<\/p>\n\n\n\n<p>0<\/p>\n\n\n\n<p>La primera serie de la temporada 2022 ya tiene color celeste y blanco. La Argentina se qued\u00f3 con el pasaje a la pr\u00f3xima etapa de la&nbsp;<strong>Copa Davis<\/strong>, al ganarle por 4-0 a la Rep\u00fablica Checa en el mediod\u00eda del s\u00e1bado, al imponerse en el encuentro de dobles que se jug\u00f3 en el court central del Buenos Aires Lawn Tennis Club.<\/p>\n\n\n\n<p><strong>Horacio Zeballos&nbsp;<\/strong>(5\u00ba en el ranking mundial de dobles) y&nbsp;<strong>M\u00e1ximo Gonz\u00e1lez&nbsp;<\/strong>(24\u00ba) lograron el tercer punto al imponerse por 6-4 y 6-4 a Jiri Lehecka (217\u00b0) y Tomas Machac (434\u00b0), que hab\u00edan disputado los singles del viernes, e ingresaron en lugar de Zdenek Kolar y Vit Kopriva, los que hab\u00edan sido nominados originalmente. Despu\u00e9s de los festejos,&nbsp;<strong>Federico Coria estableci\u00f3 el 4-0<\/strong>&nbsp;al ganarle a Vit Kopriva por 6-2 y 6-4.<\/p>\n","protected":false},"excerpt":{"rendered":"<p>Con el triunfo en el dobles y la victoria de Federico Coria ante Vit Kopriva, Argentina redonde\u00f3 un 4-0 ante Rep\u00fablica Checa y accedi\u00f3 a la fase final de la Copa Davis luego de su ausencia en la \u00faltima edici\u00f3n. Luego de los triunfos de ayer de Sebasti\u00e1n B\u00e1ez (62) sobre Jiri Lehecka (94) y [&hellip;]<\/p>\n","protected":false},"author":13,"featured_media":2894,"comment_status":"open","ping_status":"open","sticky":true,"template":"","format":"standard","meta":{"footnotes":""},"categories":[30,5],"tags":[],"class_list":{"0":"post-2893","1":"post","2":"type-post","3":"status-publish","4":"format-standard","5":"has-post-thumbnail","7":"category-copa-davis","8":"category-tenis-atp"},"aioseo_notices":[],"_links":{"self":[{"href":"https:\/\/tenistenis.com\/index.php\/wp-json\/wp\/v2\/posts\/2893","targetHints":{"allow":["GET"]}}],"collection":[{"href":"https:\/\/tenistenis.com\/index.php\/wp-json\/wp\/v2\/posts"}],"about":[{"href":"https:\/\/tenistenis.com\/index.php\/wp-json\/wp\/v2\/types\/post"}],"author":[{"embeddable":true,"href":"https:\/\/tenistenis.com\/index.php\/wp-json\/wp\/v2\/users\/13"}],"replies":[{"embeddable":true,"href":"https:\/\/tenistenis.com\/index.php\/wp-json\/wp\/v2\/comments?post=2893"}],"version-history":[{"count":1,"href":"https:\/\/tenistenis.com\/index.php\/wp-json\/wp\/v2\/posts\/2893\/revisions"}],"predecessor-version":[{"id":2895,"href":"https:\/\/tenistenis.com\/index.php\/wp-json\/wp\/v2\/posts\/2893\/revisions\/2895"}],"wp:featuredmedia":[{"embeddable":true,"href":"https:\/\/tenistenis.com\/index.php\/wp-json\/wp\/v2\/media\/2894"}],"wp:attachment":[{"href":"https:\/\/tenistenis.com\/index.php\/wp-json\/wp\/v2\/media?parent=2893"}],"wp:term":[{"taxonomy":"category","embeddable":true,"href":"https:\/\/tenistenis.com\/index.php\/wp-json\/wp\/v2\/categories?post=2893"},{"taxonomy":"post_tag","embeddable":true,"href":"https:\/\/tenistenis.com\/index.php\/wp-json\/wp\/v2\/tags?post=2893"}],"curies":[{"name":"wp","href":"https:\/\/api.w.org\/{rel}","templated":true}]}}