{"id":2873,"date":"2022-02-17T22:00:09","date_gmt":"2022-02-17T22:00:09","guid":{"rendered":"http:\/\/tenistenis.com\/?p=2873"},"modified":"2022-02-17T22:15:50","modified_gmt":"2022-02-17T22:15:50","slug":"djokovic-no-se-va-a-vacunar-y-se-perdera-grand-slams","status":"publish","type":"post","link":"https:\/\/tenistenis.com\/index.php\/2022\/02\/17\/djokovic-no-se-va-a-vacunar-y-se-perdera-grand-slams\/","title":{"rendered":"DJOKOVIC NO SE VACUNA Y SE PERDERA GRAND SLAMS."},"content":{"rendered":"\n<p><br>El tenista serbio, Novak Djokovic, quien \u00a0hasta este momento todav\u00eda ostenta el puesto n\u00famero 1 del Ranking ATP, ha declarado que continuar\u00e1 con su decisi\u00f3n de NO VACUNARSE en contra del covid-19, lo que tendr\u00eda fuertes consecuencias para su carrera en el futuro cercano. <\/p>\n\n\n\n<p>Despu\u00e9s de toda la pol\u00e9mica que se vivi\u00f3 antes de comenzar el Australian Open, el cual no pudo jugar debido a no contar con ninguna vacuna, Novak sigue con su decisi\u00f3n muy clara y declar\u00f3 para la BBC que as\u00ed es como seguir\u00e1.<br>&#8220;No estoy en contra de la vacunaci\u00f3n, pero mi cuerpo es m\u00e1s importante que cualquier t\u00edtulo. Es el precio que estoy dispuesto a pagar. Yo defiendo la libertad de ponerme lo que quiera en mi cuerpo&#8221;<\/p>\n\n\n\n<figure class=\"wp-block-embed-twitter wp-block-embed is-type-rich is-provider-twitter\"><div class=\"wp-block-embed__wrapper\">\n https:\/\/twitter.com\/VarskySports\/status\/1493544458553597954?t=XsLBpLzksySsfnIXrXRuxw&#038;s=19\n<\/div><\/figure>\n\n\n\n<p><br><br>Est\u00e1 decisi\u00f3n comienza a afectar su carrera desde ya, en enero perdi\u00f3 la oportunidad de alcanzar el record de 21 Grand Slmas ganados, ahora no competir\u00e1 pr\u00e1cticamente hasta el mes de abril y perder\u00e1 el puesto #1 del ranking <\/p>\n\n\n\n<p>Y para el pr\u00f3ximo Grand Slam, Roland Garros, pese a ser el campe\u00f3n vigente no podr\u00e1 defender el t\u00edtulo. <\/p>\n\n\n\n<p>Nadie puede obligar a Novak Djokovic a vacunarse, est\u00e1 en su derecho de no hacerlo, pero con 34 a\u00f1os de edad y ya comenzando la recta final de su carrera, todo apunta a qu\u00e9 la situaci\u00f3n lo limitar\u00e1 bastante en las grandes competencias..<\/p>\n\n\n\n<p><\/p>\n\n\n\n<p><\/p>\n","protected":false},"excerpt":{"rendered":"<p>El tenista serbio, Novak Djokovic, quien \u00a0hasta este momento todav\u00eda ostenta el puesto n\u00famero 1 del Ranking ATP, ha declarado que continuar\u00e1 con su decisi\u00f3n de NO VACUNARSE en contra del covid-19, lo que tendr\u00eda fuertes consecuencias para su carrera en el futuro cercano. Despu\u00e9s de toda la pol\u00e9mica que se vivi\u00f3 antes de comenzar [&hellip;]<\/p>\n","protected":false},"author":5,"featured_media":2874,"comment_status":"open","ping_status":"open","sticky":true,"template":"","format":"standard","meta":{"footnotes":""},"categories":[9,37,31],"tags":[],"class_list":{"0":"post-2873","1":"post","2":"type-post","3":"status-publish","4":"format-standard","5":"has-post-thumbnail","7":"category-grand-slam","8":"category-roland-garros","9":"category-wimbledon"},"aioseo_notices":[],"_links":{"self":[{"href":"https:\/\/tenistenis.com\/index.php\/wp-json\/wp\/v2\/posts\/2873","targetHints":{"allow":["GET"]}}],"collection":[{"href":"https:\/\/tenistenis.com\/index.php\/wp-json\/wp\/v2\/posts"}],"about":[{"href":"https:\/\/tenistenis.com\/index.php\/wp-json\/wp\/v2\/types\/post"}],"author":[{"embeddable":true,"href":"https:\/\/tenistenis.com\/index.php\/wp-json\/wp\/v2\/users\/5"}],"replies":[{"embeddable":true,"href":"https:\/\/tenistenis.com\/index.php\/wp-json\/wp\/v2\/comments?post=2873"}],"version-history":[{"count":2,"href":"https:\/\/tenistenis.com\/index.php\/wp-json\/wp\/v2\/posts\/2873\/revisions"}],"predecessor-version":[{"id":2876,"href":"https:\/\/tenistenis.com\/index.php\/wp-json\/wp\/v2\/posts\/2873\/revisions\/2876"}],"wp:featuredmedia":[{"embeddable":true,"href":"https:\/\/tenistenis.com\/index.php\/wp-json\/wp\/v2\/media\/2874"}],"wp:attachment":[{"href":"https:\/\/tenistenis.com\/index.php\/wp-json\/wp\/v2\/media?parent=2873"}],"wp:term":[{"taxonomy":"category","embeddable":true,"href":"https:\/\/tenistenis.com\/index.php\/wp-json\/wp\/v2\/categories?post=2873"},{"taxonomy":"post_tag","embeddable":true,"href":"https:\/\/tenistenis.com\/index.php\/wp-json\/wp\/v2\/tags?post=2873"}],"curies":[{"name":"wp","href":"https:\/\/api.w.org\/{rel}","templated":true}]}}