{"id":2754,"date":"2021-12-26T21:59:09","date_gmt":"2021-12-26T21:59:09","guid":{"rendered":"http:\/\/tenistenis.com\/?p=2754"},"modified":"2021-12-26T21:59:11","modified_gmt":"2021-12-26T21:59:11","slug":"djokovic-si-se-vacuno-entrara-al-australia-open","status":"publish","type":"post","link":"https:\/\/tenistenis.com\/index.php\/2021\/12\/26\/djokovic-si-se-vacuno-entrara-al-australia-open\/","title":{"rendered":"DJOKOVIC SI SE VACUN\u00d3, ENTRAR\u00c1 AL AUSTRALIA OPEN"},"content":{"rendered":"\n<p>El primer ministro australiano,\u00a0Scott Morrison, dijo este jueves que el tenista serbio\u00a0Novak Djokovic\u00a0no recibir\u00e1 trato de favor despu\u00e9s de que se haya confirmado su\u00a0presencia\u00a0en el Abierto de Australia donde se obliga a todos los jugadores a estar\u00a0vacunados\u00a0contra la covid-19.<em>&#8220;No hay reglas especiales para los tenistas ni para nadie&#8221;,\u00a0<\/em>asegur\u00f3 Morrison quien apunt\u00f3 que el n\u00famero uno del mundo, que no ha querido hasta ahora revelar si se ha vacunado, &#8220;seguir\u00e1 los mismos requisitos que todo el mundo para entrar en Australia&#8221;<\/p>\n\n\n\n<p>Despu\u00e9s de semanas de especulaciones, el Abierto de Australia public\u00f3 este mi\u00e9rcoles la lista de los jugadores que acceder\u00e1n al cuadro principal y el primer nombre que apareci\u00f3 en ella es el de Djokovic quien no hab\u00eda confirmado su presencia en el primer Grand Slam de la temporada por su desconfianza a ponerse la vacuna contra el Covid-19 que exige el torneo. La asistencia de Djokovic ha sido un tema muy\u00a0pol\u00e9mico\u00a0despu\u00e9s de que el gobierno de Victoria, donde se celebra la competici\u00f3n, y la federaci\u00f3n de tenis de Australia anunciaran que los aficionados, los jugadores y cualquier persona que asista al torneo deben estar completamente vacunados contra el COVID-19. De ganar en el pr\u00f3ximo Abierto de Australia, disputado en Melbourne entre el 17 y el 30 de enero, Djokovic podr\u00eda\u00a0superar\u00a0con 21 t\u00edtulos de Grand Slam al espa\u00f1ol Rafael Nadal y al suizo Roger Federer.<\/p>\n","protected":false},"excerpt":{"rendered":"<p>El primer ministro australiano,\u00a0Scott Morrison, dijo este jueves que el tenista serbio\u00a0Novak Djokovic\u00a0no recibir\u00e1 trato de favor despu\u00e9s de que se haya confirmado su\u00a0presencia\u00a0en el Abierto de Australia donde se obliga a todos los jugadores a estar\u00a0vacunados\u00a0contra la covid-19.&#8220;No hay reglas especiales para los tenistas ni para nadie&#8221;,\u00a0asegur\u00f3 Morrison quien apunt\u00f3 que el n\u00famero uno [&hellip;]<\/p>\n","protected":false},"author":13,"featured_media":2755,"comment_status":"open","ping_status":"open","sticky":true,"template":"","format":"standard","meta":{"footnotes":""},"categories":[35,5],"tags":[],"class_list":{"0":"post-2754","1":"post","2":"type-post","3":"status-publish","4":"format-standard","5":"has-post-thumbnail","7":"category-master-1000","8":"category-tenis-atp"},"aioseo_notices":[],"_links":{"self":[{"href":"https:\/\/tenistenis.com\/index.php\/wp-json\/wp\/v2\/posts\/2754","targetHints":{"allow":["GET"]}}],"collection":[{"href":"https:\/\/tenistenis.com\/index.php\/wp-json\/wp\/v2\/posts"}],"about":[{"href":"https:\/\/tenistenis.com\/index.php\/wp-json\/wp\/v2\/types\/post"}],"author":[{"embeddable":true,"href":"https:\/\/tenistenis.com\/index.php\/wp-json\/wp\/v2\/users\/13"}],"replies":[{"embeddable":true,"href":"https:\/\/tenistenis.com\/index.php\/wp-json\/wp\/v2\/comments?post=2754"}],"version-history":[{"count":1,"href":"https:\/\/tenistenis.com\/index.php\/wp-json\/wp\/v2\/posts\/2754\/revisions"}],"predecessor-version":[{"id":2756,"href":"https:\/\/tenistenis.com\/index.php\/wp-json\/wp\/v2\/posts\/2754\/revisions\/2756"}],"wp:featuredmedia":[{"embeddable":true,"href":"https:\/\/tenistenis.com\/index.php\/wp-json\/wp\/v2\/media\/2755"}],"wp:attachment":[{"href":"https:\/\/tenistenis.com\/index.php\/wp-json\/wp\/v2\/media?parent=2754"}],"wp:term":[{"taxonomy":"category","embeddable":true,"href":"https:\/\/tenistenis.com\/index.php\/wp-json\/wp\/v2\/categories?post=2754"},{"taxonomy":"post_tag","embeddable":true,"href":"https:\/\/tenistenis.com\/index.php\/wp-json\/wp\/v2\/tags?post=2754"}],"curies":[{"name":"wp","href":"https:\/\/api.w.org\/{rel}","templated":true}]}}