{"id":2749,"date":"2021-12-26T21:47:56","date_gmt":"2021-12-26T21:47:56","guid":{"rendered":"http:\/\/tenistenis.com\/?p=2749"},"modified":"2021-12-26T21:47:56","modified_gmt":"2021-12-26T21:47:56","slug":"carlos-alcaraz-el-nuevo-campeon-de-18-anos","status":"publish","type":"post","link":"https:\/\/tenistenis.com\/index.php\/2021\/12\/26\/carlos-alcaraz-el-nuevo-campeon-de-18-anos\/","title":{"rendered":"CARLOS ALCARAZ EL NUEVO CAMPE\u00d3N DE 18 A\u00d1OS"},"content":{"rendered":"\n<p> Carlos Alcaraz\u00a0a sus 18 a\u00f1os de edad nos obliga a ponerle en la balanza y situarle en perspectiva con otros grandes campeones de la \u00e9poca reciente, aunque solo sea para celebrar unos n\u00fameros que est\u00e1n fuera de lo normal. No sabemos si acabar\u00e1 siendo leyenda, desde luego sus pasos conducen hacia la gloria.Temporada en la que cumplieron 18 a\u00f1os, esta es la premisa sobre la girar\u00e1 todo el art\u00edculo. \u00bfD\u00f3nde estaban los grandes al finalizar la temporada en la que se convirtieron en mayores de edad? \u00bfCu\u00e1ntas victorias oficiales acumulaban en su poder? Alcaraz cierra el curso 2021 con un balance de 32-17 en su ficha profesional, ubicado en el puesto n\u00famero 32 de la clasificaci\u00f3n.. Lo que s\u00ed sabemos es lo que ha conseguido hasta ahora, que es una aut\u00e9ntica barbaridad.<a href=\"https:\/\/espanol.eurosport.com\/tenis\/boris-becker-me-fascina-juego-carlos-alcaraz_sto8639694\/story.shtml\"><\/a><br><\/p>\n\n\n\n<figure class=\"wp-block-image size-large\"><img loading=\"lazy\" decoding=\"async\" width=\"1024\" height=\"576\" src=\"https:\/\/tenistenis.com\/wp-content\/uploads\/2021\/12\/CARLOS-ALCARAZ-1024x576.jpg\" alt=\"\" class=\"wp-image-2751\" srcset=\"https:\/\/tenistenis.com\/wp-content\/uploads\/2021\/12\/CARLOS-ALCARAZ-1024x576.jpg 1024w, https:\/\/tenistenis.com\/wp-content\/uploads\/2021\/12\/CARLOS-ALCARAZ-300x169.jpg 300w, https:\/\/tenistenis.com\/wp-content\/uploads\/2021\/12\/CARLOS-ALCARAZ-768x432.jpg 768w, https:\/\/tenistenis.com\/wp-content\/uploads\/2021\/12\/CARLOS-ALCARAZ-1536x864.jpg 1536w, https:\/\/tenistenis.com\/wp-content\/uploads\/2021\/12\/CARLOS-ALCARAZ-1600x900.jpg 1600w, https:\/\/tenistenis.com\/wp-content\/uploads\/2021\/12\/CARLOS-ALCARAZ.jpg 1706w\" sizes=\"auto, (max-width: 1024px) 100vw, 1024px\" \/><\/figure>\n","protected":false},"excerpt":{"rendered":"<p>Carlos Alcaraz\u00a0a sus 18 a\u00f1os de edad nos obliga a ponerle en la balanza y situarle en perspectiva con otros grandes campeones de la \u00e9poca reciente, aunque solo sea para celebrar unos n\u00fameros que est\u00e1n fuera de lo normal. No sabemos si acabar\u00e1 siendo leyenda, desde luego sus pasos conducen hacia la gloria.Temporada en la [&hellip;]<\/p>\n","protected":false},"author":13,"featured_media":2750,"comment_status":"open","ping_status":"open","sticky":true,"template":"","format":"standard","meta":{"footnotes":""},"categories":[5,7],"tags":[],"class_list":{"0":"post-2749","1":"post","2":"type-post","3":"status-publish","4":"format-standard","5":"has-post-thumbnail","7":"category-tenis-atp","8":"category-tenis-juvenil"},"aioseo_notices":[],"_links":{"self":[{"href":"https:\/\/tenistenis.com\/index.php\/wp-json\/wp\/v2\/posts\/2749","targetHints":{"allow":["GET"]}}],"collection":[{"href":"https:\/\/tenistenis.com\/index.php\/wp-json\/wp\/v2\/posts"}],"about":[{"href":"https:\/\/tenistenis.com\/index.php\/wp-json\/wp\/v2\/types\/post"}],"author":[{"embeddable":true,"href":"https:\/\/tenistenis.com\/index.php\/wp-json\/wp\/v2\/users\/13"}],"replies":[{"embeddable":true,"href":"https:\/\/tenistenis.com\/index.php\/wp-json\/wp\/v2\/comments?post=2749"}],"version-history":[{"count":1,"href":"https:\/\/tenistenis.com\/index.php\/wp-json\/wp\/v2\/posts\/2749\/revisions"}],"predecessor-version":[{"id":2752,"href":"https:\/\/tenistenis.com\/index.php\/wp-json\/wp\/v2\/posts\/2749\/revisions\/2752"}],"wp:featuredmedia":[{"embeddable":true,"href":"https:\/\/tenistenis.com\/index.php\/wp-json\/wp\/v2\/media\/2750"}],"wp:attachment":[{"href":"https:\/\/tenistenis.com\/index.php\/wp-json\/wp\/v2\/media?parent=2749"}],"wp:term":[{"taxonomy":"category","embeddable":true,"href":"https:\/\/tenistenis.com\/index.php\/wp-json\/wp\/v2\/categories?post=2749"},{"taxonomy":"post_tag","embeddable":true,"href":"https:\/\/tenistenis.com\/index.php\/wp-json\/wp\/v2\/tags?post=2749"}],"curies":[{"name":"wp","href":"https:\/\/api.w.org\/{rel}","templated":true}]}}