{"id":2743,"date":"2021-12-25T18:26:30","date_gmt":"2021-12-25T18:26:30","guid":{"rendered":"http:\/\/tenistenis.com\/?p=2743"},"modified":"2021-12-25T18:26:33","modified_gmt":"2021-12-25T18:26:33","slug":"que-hay-detras-del-famoso-tema-navideno-de-mariah-carey","status":"publish","type":"post","link":"https:\/\/tenistenis.com\/index.php\/2021\/12\/25\/que-hay-detras-del-famoso-tema-navideno-de-mariah-carey\/","title":{"rendered":"\u00bfQU\u00c9 HAY DETR\u00c1S DEL FAMOSO TEMA NAVIDE\u00d1O DE MARIAH CAREY?"},"content":{"rendered":"\n<p>Una de las m\u00e1s famosas tradiciones en estas fechas decembrinas es la de escuchar la contagiosa melod\u00eda <strong>All I want for Christmas is you<\/strong>, claro est\u00e1 en voz de la cantante <strong>Mariah Carey<\/strong>, es ya casi una religi\u00f3n mel\u00f3dica el escuchar su villancico por todos lados.<\/p>\n\n\n\n<p>Pero por lo mismo podr\u00eda saltarnos una duda, \u00bfde d\u00f3nde surgi\u00f3 este tema?&nbsp;<\/p>\n\n\n\n<p>Si bien es una canci\u00f3n muy alegre, la historia de su origen puede ser un poco triste.<\/p>\n\n\n\n<p>Se ha dicho mucho sobre la pieza navide\u00f1a, como que tiene una dedicatoria a <strong>Tommy Mottola<\/strong>, quien fue su esposo en esa \u00e9poca, sin embargo, esto nunca fue confirmado. Lo que s\u00ed se sabe es que el ahora marido de Thal\u00eda, y productor musical, le insisti\u00f3 a Mariah Carey de que grabara un disco de Navidad en 1994.<\/p>\n\n\n\n<p>Al principio, la cantante se negaba a realizar el disco, pues no quer\u00eda traicionar sus ra\u00edces del hip hop, tal y como lo relat\u00f3 Mottola en sus memorias, <strong>\u201cHitmaker<\/strong>\u201d, lanzadas en 2014. Finalmente, el famoso productor la convenci\u00f3, sin embargo, la int\u00e9rprete neoyorkina puso una condici\u00f3n para grabar el \u00e1lbum, pues ella quer\u00eda incluir temas originales, adem\u00e1s de los cl\u00e1sicos navide\u00f1os.<\/p>\n\n\n\n<figure class=\"wp-block-image size-large\"><img loading=\"lazy\" decoding=\"async\" width=\"1024\" height=\"576\" src=\"https:\/\/tenistenis.com\/wp-content\/uploads\/2021\/12\/MARIAHCAREYCANCIONNAVIDADHISTORIA2-1024x576.jpg\" alt=\"\" class=\"wp-image-2745\" srcset=\"https:\/\/tenistenis.com\/wp-content\/uploads\/2021\/12\/MARIAHCAREYCANCIONNAVIDADHISTORIA2-1024x576.jpg 1024w, https:\/\/tenistenis.com\/wp-content\/uploads\/2021\/12\/MARIAHCAREYCANCIONNAVIDADHISTORIA2-300x169.jpg 300w, https:\/\/tenistenis.com\/wp-content\/uploads\/2021\/12\/MARIAHCAREYCANCIONNAVIDADHISTORIA2-768x432.jpg 768w, https:\/\/tenistenis.com\/wp-content\/uploads\/2021\/12\/MARIAHCAREYCANCIONNAVIDADHISTORIA2-1536x864.jpg 1536w, https:\/\/tenistenis.com\/wp-content\/uploads\/2021\/12\/MARIAHCAREYCANCIONNAVIDADHISTORIA2-2048x1152.jpg 2048w, https:\/\/tenistenis.com\/wp-content\/uploads\/2021\/12\/MARIAHCAREYCANCIONNAVIDADHISTORIA2-1600x900.jpg 1600w\" sizes=\"auto, (max-width: 1024px) 100vw, 1024px\" \/><\/figure>\n\n\n\n<p><strong>FOTO: GQ ESPA\u00d1A<\/strong><\/p>\n\n\n\n<p>As\u00ed fue que el disco \u201cMerry Christmas\u201d, se convirti\u00f3 en el \u00e1lbum navide\u00f1o m\u00e1s vendido de la historia, y que cont\u00f3 con la canci\u00f3n \u201cAll I Want For Christmas is You\u201d.&nbsp;<\/p>\n\n\n\n<figure class=\"wp-block-image size-large\"><img loading=\"lazy\" decoding=\"async\" width=\"620\" height=\"461\" src=\"https:\/\/tenistenis.com\/wp-content\/uploads\/2021\/12\/MARIAHCAREYCANCIONNAVIDADHISTORIA3.jpg\" alt=\"\" class=\"wp-image-2746\" srcset=\"https:\/\/tenistenis.com\/wp-content\/uploads\/2021\/12\/MARIAHCAREYCANCIONNAVIDADHISTORIA3.jpg 620w, https:\/\/tenistenis.com\/wp-content\/uploads\/2021\/12\/MARIAHCAREYCANCIONNAVIDADHISTORIA3-300x223.jpg 300w\" sizes=\"auto, (max-width: 620px) 100vw, 620px\" \/><\/figure>\n\n\n\n<p><strong>DETR\u00c1S DE LA MELANC\u00d3LICA HISTORIA<\/strong><\/p>\n\n\n\n<p>La letra compuesta por la misma <strong>Mariah Carey y Walter Afanasieff <\/strong>donde se relata la historia de una chica que desea que su amado sea su regalo de Navidad.<\/p>\n\n\n\n<p>De hecho, la historia detr\u00e1s de la letra fue el motivo por el que se cre\u00eda que la cantante se inspir\u00f3 en ella y en lo enamorada que estaba de Tommy. <strong>Seg\u00fan se rumora que Wakter Afanasieff, quien tambi\u00e9n est\u00e1 detr\u00e1s de \u2018My Heart Will Go On&#8217; de Celine Dion, le dio un ritmo m\u00e1s festivo para evitar que sonara muy cursi.<\/strong><\/p>\n\n\n\n<p>Sin embargo, Mariah Carey cont\u00f3 otra versi\u00f3n acerca la inspiraci\u00f3n que origin\u00f3 el tema en un documental sobre la canci\u00f3n que hizo Amazon Music durante 2019. La cantante cont\u00f3 que \u201cAll I Want For Christmas is You\u201d est\u00e1 basada en su dura infancia. En esa \u00e9poca, la cantante sufri\u00f3 de grandes carencias econ\u00f3micas y afectivas:<\/p>\n\n\n\n<p><strong><em>\u201cTengo una gran conexi\u00f3n emocional con la Navidad, nunca ha sido por los regalos, sino por el sentimiento optimista que se da en estas fechas. Sent\u00ed la necesidad de expresarme y hacer una canci\u00f3n que me hiciera sentirme feliz (&#8230;) siempre tuve una familia incre\u00edblemente disfuncional que la arruinaba cada a\u00f1o. No mi madre, ella siempre intentaba que todo saliera bien\u201d, <\/em><\/strong>explic\u00f3 en el documental.<\/p>\n\n\n\n<p>Sea lo que sea que hay detr\u00e1s de esta letra, lo que es un hecho es que en un icono de la temporada.<\/p>\n\n\n\n<p><strong>Feliz Navidad al cl\u00e1sico ritmo de Mariah, en su m\u00e1s reciente versi\u00f3n del 2019.<\/strong><\/p>\n\n\n\n<figure class=\"wp-block-embed-youtube wp-block-embed is-type-video is-provider-youtube wp-embed-aspect-16-9 wp-has-aspect-ratio\"><div class=\"wp-block-embed__wrapper\">\n<iframe loading=\"lazy\" title=\"Mariah Carey - All I Want for Christmas Is You (Make My Wish Come True Edition)\" width=\"696\" height=\"392\" src=\"https:\/\/www.youtube.com\/embed\/aAkMkVFwAoo?feature=oembed&#038;enablejsapi=1\" frameborder=\"0\" allow=\"accelerometer; autoplay; clipboard-write; encrypted-media; gyroscope; picture-in-picture; web-share\" referrerpolicy=\"strict-origin-when-cross-origin\" allowfullscreen><\/iframe>\n<\/div><\/figure>\n","protected":false},"excerpt":{"rendered":"<p>Una de las m\u00e1s famosas tradiciones en estas fechas decembrinas es la de escuchar la contagiosa melod\u00eda All I want for Christmas is you, claro est\u00e1 en voz de la cantante Mariah Carey, es ya casi una religi\u00f3n mel\u00f3dica el escuchar su villancico por todos lados. Pero por lo mismo podr\u00eda saltarnos una duda, \u00bfde [&hellip;]<\/p>\n","protected":false},"author":6,"featured_media":2744,"comment_status":"open","ping_status":"open","sticky":true,"template":"","format":"standard","meta":{"footnotes":""},"categories":[26],"tags":[],"class_list":{"0":"post-2743","1":"post","2":"type-post","3":"status-publish","4":"format-standard","5":"has-post-thumbnail","7":"category-cultura"},"aioseo_notices":[],"_links":{"self":[{"href":"https:\/\/tenistenis.com\/index.php\/wp-json\/wp\/v2\/posts\/2743","targetHints":{"allow":["GET"]}}],"collection":[{"href":"https:\/\/tenistenis.com\/index.php\/wp-json\/wp\/v2\/posts"}],"about":[{"href":"https:\/\/tenistenis.com\/index.php\/wp-json\/wp\/v2\/types\/post"}],"author":[{"embeddable":true,"href":"https:\/\/tenistenis.com\/index.php\/wp-json\/wp\/v2\/users\/6"}],"replies":[{"embeddable":true,"href":"https:\/\/tenistenis.com\/index.php\/wp-json\/wp\/v2\/comments?post=2743"}],"version-history":[{"count":1,"href":"https:\/\/tenistenis.com\/index.php\/wp-json\/wp\/v2\/posts\/2743\/revisions"}],"predecessor-version":[{"id":2747,"href":"https:\/\/tenistenis.com\/index.php\/wp-json\/wp\/v2\/posts\/2743\/revisions\/2747"}],"wp:featuredmedia":[{"embeddable":true,"href":"https:\/\/tenistenis.com\/index.php\/wp-json\/wp\/v2\/media\/2744"}],"wp:attachment":[{"href":"https:\/\/tenistenis.com\/index.php\/wp-json\/wp\/v2\/media?parent=2743"}],"wp:term":[{"taxonomy":"category","embeddable":true,"href":"https:\/\/tenistenis.com\/index.php\/wp-json\/wp\/v2\/categories?post=2743"},{"taxonomy":"post_tag","embeddable":true,"href":"https:\/\/tenistenis.com\/index.php\/wp-json\/wp\/v2\/tags?post=2743"}],"curies":[{"name":"wp","href":"https:\/\/api.w.org\/{rel}","templated":true}]}}