{"id":2661,"date":"2021-08-20T20:07:11","date_gmt":"2021-08-20T20:07:11","guid":{"rendered":"http:\/\/tenistenis.com\/?p=2661"},"modified":"2021-08-20T20:07:17","modified_gmt":"2021-08-20T20:07:17","slug":"thiem-no-podra-defender-su-corona-en-el-us-open","status":"publish","type":"post","link":"https:\/\/tenistenis.com\/index.php\/2021\/08\/20\/thiem-no-podra-defender-su-corona-en-el-us-open\/","title":{"rendered":"THIEM NO PODR\u00c1 DEFENDER SU CORONA EN EL US OPEN"},"content":{"rendered":"\n<p><br>El campe\u00f3n del US Open del 2020, Dominic Thiem, no se logr\u00f3 recuperar de un problema en la mu\u00f1eca de la mano derecha y no podr\u00e1 defender su corona este a\u00f1o en Flushing Meadows.\u00a0<br>Adem\u00e1s el austriaco de 27 a\u00f1os se perder\u00e1 irremediablemente lo que resta de la temporada del 2021 ante el &#8220;desprendimiento de la vaina posterior del lado cubital de la mu\u00f1eca derecha&#8221;, una lesi\u00f3n sufrida desde junio y un diagn\u00f3stico lapidario para el actual n\u00famero seis del mundo y que por este problema podr\u00eda salir del Top Ten del ranking de la ATP en los pr\u00f3ximos meses.\u00a0<br>La lesi\u00f3n se di\u00f3 en el torneo de Mallorca en Espa\u00f1a y tampoco le permiti\u00f3 disputar el torneo de Wimbledon en un a\u00f1o que ha sido sumamente complicado para \u00e9l ya que para minimizar el problema estuvo utilizando una f\u00e9rula al mismo tiempo de realizar un proceso de rehabilitaci\u00f3n funcional espec\u00edfica y progresiva, pero a\u00fan as\u00ed persistieron los dolores y parar por completo ser\u00e1 la \u00fanica soluci\u00f3n.<br>El a\u00f1o pasado Thiem derrot\u00f3 al alem\u00e1n Alexander Zverev en la final del Abierto de los Estados Unidos pero ahora tendr\u00e1 que ver desde su casa o en las tribunas a su sucesor en el trono del \u00faltimo Grand Slam de la temporada.\u00a0<\/p>\n\n\n\n<figure class=\"wp-block-image size-large\"><img decoding=\"async\" src=\"blob:https:\/\/tenistenis.com\/52914041-fb47-4e27-a71f-8e560d98eb4e\" alt=\"\"\/><\/figure>\n\n\n\n<p><\/p>\n\n\n\n<p><\/p>\n","protected":false},"excerpt":{"rendered":"<p>El campe\u00f3n del US Open del 2020, Dominic Thiem, no se logr\u00f3 recuperar de un problema en la mu\u00f1eca de la mano derecha y no podr\u00e1 defender su corona este a\u00f1o en Flushing Meadows.\u00a0Adem\u00e1s el austriaco de 27 a\u00f1os se perder\u00e1 irremediablemente lo que resta de la temporada del 2021 ante el &#8220;desprendimiento de la [&hellip;]<\/p>\n","protected":false},"author":13,"featured_media":2662,"comment_status":"open","ping_status":"open","sticky":true,"template":"","format":"standard","meta":{"footnotes":""},"categories":[5,36],"tags":[],"class_list":{"0":"post-2661","1":"post","2":"type-post","3":"status-publish","4":"format-standard","5":"has-post-thumbnail","7":"category-tenis-atp","8":"category-us-open"},"aioseo_notices":[],"_links":{"self":[{"href":"https:\/\/tenistenis.com\/index.php\/wp-json\/wp\/v2\/posts\/2661","targetHints":{"allow":["GET"]}}],"collection":[{"href":"https:\/\/tenistenis.com\/index.php\/wp-json\/wp\/v2\/posts"}],"about":[{"href":"https:\/\/tenistenis.com\/index.php\/wp-json\/wp\/v2\/types\/post"}],"author":[{"embeddable":true,"href":"https:\/\/tenistenis.com\/index.php\/wp-json\/wp\/v2\/users\/13"}],"replies":[{"embeddable":true,"href":"https:\/\/tenistenis.com\/index.php\/wp-json\/wp\/v2\/comments?post=2661"}],"version-history":[{"count":2,"href":"https:\/\/tenistenis.com\/index.php\/wp-json\/wp\/v2\/posts\/2661\/revisions"}],"predecessor-version":[{"id":2665,"href":"https:\/\/tenistenis.com\/index.php\/wp-json\/wp\/v2\/posts\/2661\/revisions\/2665"}],"wp:featuredmedia":[{"embeddable":true,"href":"https:\/\/tenistenis.com\/index.php\/wp-json\/wp\/v2\/media\/2662"}],"wp:attachment":[{"href":"https:\/\/tenistenis.com\/index.php\/wp-json\/wp\/v2\/media?parent=2661"}],"wp:term":[{"taxonomy":"category","embeddable":true,"href":"https:\/\/tenistenis.com\/index.php\/wp-json\/wp\/v2\/categories?post=2661"},{"taxonomy":"post_tag","embeddable":true,"href":"https:\/\/tenistenis.com\/index.php\/wp-json\/wp\/v2\/tags?post=2661"}],"curies":[{"name":"wp","href":"https:\/\/api.w.org\/{rel}","templated":true}]}}