{"id":2571,"date":"2021-06-10T06:27:40","date_gmt":"2021-06-10T06:27:40","guid":{"rendered":"http:\/\/tenistenis.com\/?p=2571"},"modified":"2021-06-10T06:27:41","modified_gmt":"2021-06-10T06:27:41","slug":"presentan-equipo-mexicano-de-golf-para-tokio","status":"publish","type":"post","link":"https:\/\/tenistenis.com\/index.php\/2021\/06\/10\/presentan-equipo-mexicano-de-golf-para-tokio\/","title":{"rendered":"PRESENTAN EQUIPO MEXICANO DE GOLF PARA TOKIO."},"content":{"rendered":"\n<p>Despu\u00e9s de 112 a\u00f1os el Golf regres\u00f3 al programa de los Juegos Ol\u00edmpicos para la edici\u00f3n de R\u00edo de Janeiro 2016 y en Tokio 2020 (en el 2021) repetir\u00e1 en el calendario ante la buena respuesta de competidores y aficionados.\u00a0<br>Al respecto una buena noticia para M\u00e9xico ser\u00e1 que Abraham Ancer, Carlos Ort\u00edz, Mar\u00eda Fassi y Gaby L\u00f3pez formar\u00e1n parte del equipo de Golf en la justa veraniega asi\u00e1tica y con ello la de nuestro pa\u00eds ser\u00e1 la delegaci\u00f3n latinoamericana con m\u00e1s representantes en este deporte.\u00a0<br>La Federaci\u00f3n mexicana de Golf inform\u00f3 que todos ellos se ganaron su lugar por la clasificaci\u00f3n o ranking especial establecido para el evento, mismo que tiene a Ancer en el 10\u00b0 escal\u00f3n y a Ortiz como el n\u00famero 23, mientras que en el caso de las damas L\u00f3pez es 25\u00b0 y Fassi 43\u00b0<br>El cierre de la clasificaci\u00f3n para Tokio ser\u00e1 el pr\u00f3ximo 21 de junio para la rama varonil y el 28 de junio para la femenil. Entre las reglas no puede haber m\u00e1s de cuatro jugadores por pa\u00eds (entre ambas ramas) y en caso de ausencia no se pueden ceder los boletos a otro jugador del mismo pa\u00eds ya que los lugares se obtienen y se recorren solamente por ranking, buscando con ello facilitar que pa\u00edses que no tengan grandes figuras mundiales tambi\u00e9n puedan participar.<\/p>\n","protected":false},"excerpt":{"rendered":"<p>Despu\u00e9s de 112 a\u00f1os el Golf regres\u00f3 al programa de los Juegos Ol\u00edmpicos para la edici\u00f3n de R\u00edo de Janeiro 2016 y en Tokio 2020 (en el 2021) repetir\u00e1 en el calendario ante la buena respuesta de competidores y aficionados.\u00a0Al respecto una buena noticia para M\u00e9xico ser\u00e1 que Abraham Ancer, Carlos Ort\u00edz, Mar\u00eda Fassi y [&hellip;]<\/p>\n","protected":false},"author":10,"featured_media":2572,"comment_status":"open","ping_status":"open","sticky":true,"template":"","format":"standard","meta":{"footnotes":""},"categories":[38],"tags":[],"class_list":{"0":"post-2571","1":"post","2":"type-post","3":"status-publish","4":"format-standard","5":"has-post-thumbnail","7":"category-golf"},"aioseo_notices":[],"_links":{"self":[{"href":"https:\/\/tenistenis.com\/index.php\/wp-json\/wp\/v2\/posts\/2571","targetHints":{"allow":["GET"]}}],"collection":[{"href":"https:\/\/tenistenis.com\/index.php\/wp-json\/wp\/v2\/posts"}],"about":[{"href":"https:\/\/tenistenis.com\/index.php\/wp-json\/wp\/v2\/types\/post"}],"author":[{"embeddable":true,"href":"https:\/\/tenistenis.com\/index.php\/wp-json\/wp\/v2\/users\/10"}],"replies":[{"embeddable":true,"href":"https:\/\/tenistenis.com\/index.php\/wp-json\/wp\/v2\/comments?post=2571"}],"version-history":[{"count":1,"href":"https:\/\/tenistenis.com\/index.php\/wp-json\/wp\/v2\/posts\/2571\/revisions"}],"predecessor-version":[{"id":2573,"href":"https:\/\/tenistenis.com\/index.php\/wp-json\/wp\/v2\/posts\/2571\/revisions\/2573"}],"wp:featuredmedia":[{"embeddable":true,"href":"https:\/\/tenistenis.com\/index.php\/wp-json\/wp\/v2\/media\/2572"}],"wp:attachment":[{"href":"https:\/\/tenistenis.com\/index.php\/wp-json\/wp\/v2\/media?parent=2571"}],"wp:term":[{"taxonomy":"category","embeddable":true,"href":"https:\/\/tenistenis.com\/index.php\/wp-json\/wp\/v2\/categories?post=2571"},{"taxonomy":"post_tag","embeddable":true,"href":"https:\/\/tenistenis.com\/index.php\/wp-json\/wp\/v2\/tags?post=2571"}],"curies":[{"name":"wp","href":"https:\/\/api.w.org\/{rel}","templated":true}]}}