{"id":2347,"date":"2021-05-16T23:37:36","date_gmt":"2021-05-16T23:37:36","guid":{"rendered":"http:\/\/tenistenis.com\/?p=2347"},"modified":"2021-05-16T23:37:37","modified_gmt":"2021-05-16T23:37:37","slug":"nadal-sudo-mucho-para-avanzar-en-barcelona","status":"publish","type":"post","link":"https:\/\/tenistenis.com\/index.php\/2021\/05\/16\/nadal-sudo-mucho-para-avanzar-en-barcelona\/","title":{"rendered":"NADAL SUD\u00d3 MUCHO PARA AVANZAR EN BARCELONA"},"content":{"rendered":"\n<p><br>Rafael Nadal hizo su presentaci\u00f3n en el Abierto de Barcelona con una esforzada victoria sobre el biemorruso Ilya Ivashka.<br>En el evento mejor conocido como Conde de God\u00f3 el veterano tenista espa\u00f1ol tuvo un p\u00e9simo arranque ante un rival de 27 a\u00f1os ubicado en el puesto 111\u00b0 del ranking ATP, mismo que le gan\u00f3 6-3 el primer set y que oblig\u00f3 al balear a remontar por primera ocasi\u00f3n en su carrera ante un contrincante clasificado fuera del Top 100.\u00a0<br>Mejorando mucho pero lejos del nivel que se le conoce, Nadal igual\u00f3 el duelo conquistando el segundo set por 6 a 2 y en el tercero, d\u00e1ndose cuenta que tendr\u00eda que trabajar mucho para apaciguar los \u00e1nimos del bielorruso, Rafa se olvido de finezas y puso por encima el pundonor as\u00ed como su conocida intensidad hasta que Ilya dobl\u00f3 las manos ante \u00e9l por 6-4.\u00a0<br>En otros duelos de la ronda de los 32, Fabio Fognini qued\u00f3 fuera por descalificaci\u00f3n tras gritarle a una juez de l\u00ednea, lo que fue calificado como &#8220;abuso verbal&#8221;. El italiano no estaba teniendo un buen d\u00eda pues iba abajo 0-6 y 4-4, por lo que muy presionado fue v\u00edctima de su propia desesperaci\u00f3n y reclam\u00f3 de manera inapropiada.\u00a0<br>Los que si ganaron y ya est\u00e1n en los octavos de final son los dos recientes finalistas en Montecarlo, el griego Stef\u00e1nos Tsitsip\u00e1s y el ruso Andrey Rublev, quienes dejaron en el camino sin grandes apuros al espa\u00f1ol Jaume Munar y al italiano Federico Gaio respectivamente.<br>David Goffin, Alex de Mi\u00f1aur, Albert Ramos, Pablo Carre\u00f1o y F\u00e9lix Auger Aliassime, tambi\u00e9n tienen ya su lugar entre los 16 mejores del Barcelona Open Bank Sabadell.<\/p>\n","protected":false},"excerpt":{"rendered":"<p>Rafael Nadal hizo su presentaci\u00f3n en el Abierto de Barcelona con una esforzada victoria sobre el biemorruso Ilya Ivashka.En el evento mejor conocido como Conde de God\u00f3 el veterano tenista espa\u00f1ol tuvo un p\u00e9simo arranque ante un rival de 27 a\u00f1os ubicado en el puesto 111\u00b0 del ranking ATP, mismo que le gan\u00f3 6-3 el [&hellip;]<\/p>\n","protected":false},"author":13,"featured_media":2348,"comment_status":"open","ping_status":"open","sticky":true,"template":"","format":"standard","meta":{"footnotes":""},"categories":[5],"tags":[],"class_list":{"0":"post-2347","1":"post","2":"type-post","3":"status-publish","4":"format-standard","5":"has-post-thumbnail","7":"category-tenis-atp"},"aioseo_notices":[],"_links":{"self":[{"href":"https:\/\/tenistenis.com\/index.php\/wp-json\/wp\/v2\/posts\/2347","targetHints":{"allow":["GET"]}}],"collection":[{"href":"https:\/\/tenistenis.com\/index.php\/wp-json\/wp\/v2\/posts"}],"about":[{"href":"https:\/\/tenistenis.com\/index.php\/wp-json\/wp\/v2\/types\/post"}],"author":[{"embeddable":true,"href":"https:\/\/tenistenis.com\/index.php\/wp-json\/wp\/v2\/users\/13"}],"replies":[{"embeddable":true,"href":"https:\/\/tenistenis.com\/index.php\/wp-json\/wp\/v2\/comments?post=2347"}],"version-history":[{"count":1,"href":"https:\/\/tenistenis.com\/index.php\/wp-json\/wp\/v2\/posts\/2347\/revisions"}],"predecessor-version":[{"id":2349,"href":"https:\/\/tenistenis.com\/index.php\/wp-json\/wp\/v2\/posts\/2347\/revisions\/2349"}],"wp:featuredmedia":[{"embeddable":true,"href":"https:\/\/tenistenis.com\/index.php\/wp-json\/wp\/v2\/media\/2348"}],"wp:attachment":[{"href":"https:\/\/tenistenis.com\/index.php\/wp-json\/wp\/v2\/media?parent=2347"}],"wp:term":[{"taxonomy":"category","embeddable":true,"href":"https:\/\/tenistenis.com\/index.php\/wp-json\/wp\/v2\/categories?post=2347"},{"taxonomy":"post_tag","embeddable":true,"href":"https:\/\/tenistenis.com\/index.php\/wp-json\/wp\/v2\/tags?post=2347"}],"curies":[{"name":"wp","href":"https:\/\/api.w.org\/{rel}","templated":true}]}}