{"id":2321,"date":"2021-05-16T23:14:52","date_gmt":"2021-05-16T23:14:52","guid":{"rendered":"http:\/\/tenistenis.com\/?p=2321"},"modified":"2021-05-16T23:14:53","modified_gmt":"2021-05-16T23:14:53","slug":"aplazan-cierre-del-ranking-para-olimpicos-de-tokio","status":"publish","type":"post","link":"https:\/\/tenistenis.com\/index.php\/2021\/05\/16\/aplazan-cierre-del-ranking-para-olimpicos-de-tokio\/","title":{"rendered":"APLAZAN CIERRE DEL RANKING PARA OL\u00cdMPICOS DE TOKIO"},"content":{"rendered":"\n<p><br>Debido al retraso en el arranque de Roland Garros por los nuevos problemas sanitarios en Francia, el cierre de los rankings varonil y femenil para los Juegos Ol\u00edmpicos de Tokio tambi\u00e9n se aplaz\u00f3, por lo que para poder participar en la justa veraniega se tomar\u00e1 en cuenta la publicaci\u00f3n del lunes 14 de junio en lugar de la del d\u00eda 7.\u00a0<br>El Abierto de Francia arrancar\u00e1 el 30 de mayo y terminar\u00e1 el 13 de junio y todo lo que ah\u00ed suceda afectar\u00e1 las opciones de los tenistas de vivir el sue\u00f1o de una justa ol\u00edmpica<br>El 14 de junio la Federaci\u00f3n Internacional de Tenis le informar\u00e1 por conductos oficiales a las distintas federaciones cu\u00e1les jugadoras y jugadores podr\u00e1n entrar de manera directa al main draw del Torneo Ol\u00edmpico. En caso de que haya renuncias, lesiones o ausencias de otro tipo, las Federaciones nacionales propondr\u00e1n a la FIT otros nombres para cubrir las plazas ol\u00edmpicas de cada pa\u00eds y la FIT las autorizar\u00e1 o no dependiendo de diversos factores.<br>En el Torneo Ol\u00edmpico participar\u00e1n 64 tenistas de singles en cada rama, femenil y varonil, mientras que en el dobles habr\u00e1 32 parejas de cada sexo. Ning\u00fan pa\u00eds podr\u00e1 tener m\u00e1s de 6 mujeres y 6 hombres en la justa y el m\u00e1ximo permitido en singles por naci\u00f3n ser\u00e1 de 4 representantes.<br>En el caso de los dobles mixtos, estas duplas deben ser formadas por algunos de los jugadores de las listas mencionadas y no por parejas adicionales.<\/p>\n","protected":false},"excerpt":{"rendered":"<p>Debido al retraso en el arranque de Roland Garros por los nuevos problemas sanitarios en Francia, el cierre de los rankings varonil y femenil para los Juegos Ol\u00edmpicos de Tokio tambi\u00e9n se aplaz\u00f3, por lo que para poder participar en la justa veraniega se tomar\u00e1 en cuenta la publicaci\u00f3n del lunes 14 de junio en [&hellip;]<\/p>\n","protected":false},"author":13,"featured_media":2322,"comment_status":"open","ping_status":"open","sticky":true,"template":"","format":"standard","meta":{"footnotes":""},"categories":[34],"tags":[],"class_list":{"0":"post-2321","1":"post","2":"type-post","3":"status-publish","4":"format-standard","5":"has-post-thumbnail","7":"category-olimpicos"},"aioseo_notices":[],"_links":{"self":[{"href":"https:\/\/tenistenis.com\/index.php\/wp-json\/wp\/v2\/posts\/2321","targetHints":{"allow":["GET"]}}],"collection":[{"href":"https:\/\/tenistenis.com\/index.php\/wp-json\/wp\/v2\/posts"}],"about":[{"href":"https:\/\/tenistenis.com\/index.php\/wp-json\/wp\/v2\/types\/post"}],"author":[{"embeddable":true,"href":"https:\/\/tenistenis.com\/index.php\/wp-json\/wp\/v2\/users\/13"}],"replies":[{"embeddable":true,"href":"https:\/\/tenistenis.com\/index.php\/wp-json\/wp\/v2\/comments?post=2321"}],"version-history":[{"count":1,"href":"https:\/\/tenistenis.com\/index.php\/wp-json\/wp\/v2\/posts\/2321\/revisions"}],"predecessor-version":[{"id":2323,"href":"https:\/\/tenistenis.com\/index.php\/wp-json\/wp\/v2\/posts\/2321\/revisions\/2323"}],"wp:featuredmedia":[{"embeddable":true,"href":"https:\/\/tenistenis.com\/index.php\/wp-json\/wp\/v2\/media\/2322"}],"wp:attachment":[{"href":"https:\/\/tenistenis.com\/index.php\/wp-json\/wp\/v2\/media?parent=2321"}],"wp:term":[{"taxonomy":"category","embeddable":true,"href":"https:\/\/tenistenis.com\/index.php\/wp-json\/wp\/v2\/categories?post=2321"},{"taxonomy":"post_tag","embeddable":true,"href":"https:\/\/tenistenis.com\/index.php\/wp-json\/wp\/v2\/tags?post=2321"}],"curies":[{"name":"wp","href":"https:\/\/api.w.org\/{rel}","templated":true}]}}