{"id":172,"date":"2019-11-14T17:28:26","date_gmt":"2019-11-14T17:28:26","guid":{"rendered":"http:\/\/tenistenis.com\/?p=172"},"modified":"2019-11-26T01:21:48","modified_gmt":"2019-11-26T01:21:48","slug":"completados-los-grupos-para-la-primera-edicion-de-la-atp-cup","status":"publish","type":"post","link":"https:\/\/tenistenis.com\/index.php\/2019\/11\/14\/completados-los-grupos-para-la-primera-edicion-de-la-atp-cup\/","title":{"rendered":"Completados los grupos para la primera edici\u00f3n de la ATP Cup"},"content":{"rendered":"\n<h4 class=\"wp-block-heading\">Chile, Polonia, Uruguay, Moldavia, Noruega y Bulgaria, que acudir\u00e1 en lugar de Suiza, completan los grupos para la primera edici\u00f3n del torneo que se celebrar\u00e1 en Australia.<\/h4>\n\n\n\n<p><strong>La ATP ha anunciado este jueves c\u00f3mo han quedado establecidos los grupos de la primera edici\u00f3n de la ATP Cup, que se celebrar\u00e1 del 3 al 12 de enero<\/strong>&nbsp;en las ciudades de Perth, Brisbane y Sidney y que albergar\u00e1 a las grandes figuras del circuito.<\/p>\n\n\n\n<div class=\"wp-block-image\"><figure class=\"aligncenter\"><img loading=\"lazy\" decoding=\"async\" width=\"1024\" height=\"576\" src=\"http:\/\/tenistenis.com\/wp-content\/uploads\/2019\/11\/1573730083_928236_1573730316_noticia_normal-1024x576.jpg\" alt=\"\" class=\"wp-image-173\" srcset=\"https:\/\/tenistenis.com\/wp-content\/uploads\/2019\/11\/1573730083_928236_1573730316_noticia_normal-1024x576.jpg 1024w, https:\/\/tenistenis.com\/wp-content\/uploads\/2019\/11\/1573730083_928236_1573730316_noticia_normal-300x169.jpg 300w, https:\/\/tenistenis.com\/wp-content\/uploads\/2019\/11\/1573730083_928236_1573730316_noticia_normal-768x432.jpg 768w, https:\/\/tenistenis.com\/wp-content\/uploads\/2019\/11\/1573730083_928236_1573730316_noticia_normal.jpg 1200w\" sizes=\"auto, (max-width: 1024px) 100vw, 1024px\" \/><\/figure><\/div>\n\n\n\n<p><strong>Chile, Polonia, Uruguay, Moldavia, Noruega y Bulgaria, que acudir\u00e1 en lugar de Suiza<\/strong>&nbsp;tras la ausencia por razones personales de Roger Federer, completan el cuadro final de la primera edici\u00f3n de la competici\u00f3n, donde estar\u00e1n figuras como Rafa Nadal, Novak Djokovic o Daniil Medvedev entre otros. Tras confirmarse la inclusi\u00f3n de estos pa\u00edses&nbsp;<strong>se realiz\u00f3 el sorteo de los grupos con la siguiente composici\u00f3n:<\/strong><\/p>\n\n\n\n<p>Grupo A (Brisbane): Serbia, Francia, Sud\u00e1frica y Chile<\/p>\n\n\n\n<p>Grupo B (Perth): Espa\u00f1a, Jap\u00f3n, Georgia y Uruguay<\/p>\n\n\n\n<p>Grupo C (Sydney): B\u00e9lgica, Gran Breta\u00f1a, Bulgaria y Moldavia<\/p>\n\n\n\n<p>Grupo D (Perth): Rusia, Italia, Estados Unidos y Noruega<\/p>\n\n\n\n<p>Grupo E (Sydney): Austria, Croacia, Argentina, Polonia<\/p>\n\n\n\n<p>Grupo F (Brisbane): Alemania, Grecia, Canad\u00e1 y Australia<\/p>\n","protected":false},"excerpt":{"rendered":"<p>Chile, Polonia, Uruguay, Moldavia, Noruega y Bulgaria, que acudir\u00e1 en lugar de Suiza, completan los grupos para la primera edici\u00f3n del torneo que se celebrar\u00e1 en Australia. La ATP ha anunciado este jueves c\u00f3mo han quedado establecidos los grupos de la primera edici\u00f3n de la ATP Cup, que se celebrar\u00e1 del 3 al 12 de [&hellip;]<\/p>\n","protected":false},"author":5,"featured_media":174,"comment_status":"open","ping_status":"open","sticky":false,"template":"","format":"standard","meta":{"footnotes":""},"categories":[5],"tags":[12],"class_list":{"0":"post-172","1":"post","2":"type-post","3":"status-publish","4":"format-standard","5":"has-post-thumbnail","7":"category-tenis-atp","8":"tag-tenis-atp"},"aioseo_notices":[],"_links":{"self":[{"href":"https:\/\/tenistenis.com\/index.php\/wp-json\/wp\/v2\/posts\/172","targetHints":{"allow":["GET"]}}],"collection":[{"href":"https:\/\/tenistenis.com\/index.php\/wp-json\/wp\/v2\/posts"}],"about":[{"href":"https:\/\/tenistenis.com\/index.php\/wp-json\/wp\/v2\/types\/post"}],"author":[{"embeddable":true,"href":"https:\/\/tenistenis.com\/index.php\/wp-json\/wp\/v2\/users\/5"}],"replies":[{"embeddable":true,"href":"https:\/\/tenistenis.com\/index.php\/wp-json\/wp\/v2\/comments?post=172"}],"version-history":[{"count":2,"href":"https:\/\/tenistenis.com\/index.php\/wp-json\/wp\/v2\/posts\/172\/revisions"}],"predecessor-version":[{"id":180,"href":"https:\/\/tenistenis.com\/index.php\/wp-json\/wp\/v2\/posts\/172\/revisions\/180"}],"wp:featuredmedia":[{"embeddable":true,"href":"https:\/\/tenistenis.com\/index.php\/wp-json\/wp\/v2\/media\/174"}],"wp:attachment":[{"href":"https:\/\/tenistenis.com\/index.php\/wp-json\/wp\/v2\/media?parent=172"}],"wp:term":[{"taxonomy":"category","embeddable":true,"href":"https:\/\/tenistenis.com\/index.php\/wp-json\/wp\/v2\/categories?post=172"},{"taxonomy":"post_tag","embeddable":true,"href":"https:\/\/tenistenis.com\/index.php\/wp-json\/wp\/v2\/tags?post=172"}],"curies":[{"name":"wp","href":"https:\/\/api.w.org\/{rel}","templated":true}]}}