{"id":1644,"date":"2020-08-19T07:09:54","date_gmt":"2020-08-19T07:09:54","guid":{"rendered":"http:\/\/tenistenis.com\/?p=1644"},"modified":"2020-09-25T02:31:19","modified_gmt":"2020-09-25T02:31:19","slug":"el-top-10-de-la-atp-estara-en-el-master-de-roma","status":"publish","type":"post","link":"https:\/\/tenistenis.com\/index.php\/2020\/08\/19\/el-top-10-de-la-atp-estara-en-el-master-de-roma\/","title":{"rendered":"EL TOP 10 DE LA ATP ESTAR\u00c1 EN EL MASTER DE ROMA"},"content":{"rendered":"\n<p><br>El Masters de Roma hizo p\u00fablica su lista de inscritos y en la misma aparecen los n\u00famero 1 y 2 del mundo, Novak Djokovic y Rafael Nadal.<br>El torneo italiano de categor\u00eda 1,000 se disputar\u00e1 del 14 al 21 de septiembre y a diferencia de los torneos en la &#8220;Burbuja&#8221; de Nueva York, si contar\u00e1 con todos los tenistas que se encuentran desde marzo pasado en el Top10, excluyendo por razones obvias al n\u00famero 3, al suizo Roger Federer, quien no puede todav\u00eda tomar parte en un torneo oficial por una operaci\u00f3n.<br>Adem\u00e1s del serbio y el espa\u00f1ol, los primeros sembrados, tambi\u00e9n estar\u00e1n el austriaco Dominic Thiem, el alem\u00e1n Alexander Zverev, el ruso Daniil Medvedev, Stefanos Tsisipas de Grecia, Matteo Berrettini de Italia y David Goffin de B\u00e9lgica, y en el listado aparecen igualmente otros nombres relevantes como el de otros ib\u00e9ricos, Roberto Bautista y Pablo Carre\u00f1o o el sudafricano Kevin Anderson con ranking protegido as\u00ed como Casper Ruud en lugar de &#8220;Su majestad&#8221; Federer.<br>Habr\u00e2 incluso muchos famosos como competidores alternativos ante una posible baja de \u00faltima hora por lesi\u00f3n, enfermedad o por dar positivo a covid-19, tales como Marin Cilic, Jo-Wilfried Tsonga, Sam Quarrey, Richard Gasquet, Albert Ramos, Pablo And\u00fajar, Fernando Verdasco o Feliciano L\u00f3pez.<br>El cuadro principal del Masters de Roma contar\u00e1 con 56 jugadores, por lo que habr\u00e2 adem\u00e1s 4 invitaciones o Wild Cards as\u00ed como otras 8 exenciones y 8 que llegar\u00e1n v\u00eda fase previa.<br><\/p>\n","protected":false},"excerpt":{"rendered":"<p>El Masters de Roma hizo p\u00fablica su lista de inscritos y en la misma aparecen los n\u00famero 1 y 2 del mundo, Novak Djokovic y Rafael Nadal.El torneo italiano de categor\u00eda 1,000 se disputar\u00e1 del 14 al 21 de septiembre y a diferencia de los torneos en la &#8220;Burbuja&#8221; de Nueva York, si contar\u00e1 con [&hellip;]<\/p>\n","protected":false},"author":4,"featured_media":1645,"comment_status":"open","ping_status":"open","sticky":false,"template":"","format":"standard","meta":{"footnotes":""},"categories":[35],"tags":[],"class_list":{"0":"post-1644","1":"post","2":"type-post","3":"status-publish","4":"format-standard","5":"has-post-thumbnail","7":"category-master-1000"},"aioseo_notices":[],"_links":{"self":[{"href":"https:\/\/tenistenis.com\/index.php\/wp-json\/wp\/v2\/posts\/1644","targetHints":{"allow":["GET"]}}],"collection":[{"href":"https:\/\/tenistenis.com\/index.php\/wp-json\/wp\/v2\/posts"}],"about":[{"href":"https:\/\/tenistenis.com\/index.php\/wp-json\/wp\/v2\/types\/post"}],"author":[{"embeddable":true,"href":"https:\/\/tenistenis.com\/index.php\/wp-json\/wp\/v2\/users\/4"}],"replies":[{"embeddable":true,"href":"https:\/\/tenistenis.com\/index.php\/wp-json\/wp\/v2\/comments?post=1644"}],"version-history":[{"count":1,"href":"https:\/\/tenistenis.com\/index.php\/wp-json\/wp\/v2\/posts\/1644\/revisions"}],"predecessor-version":[{"id":1646,"href":"https:\/\/tenistenis.com\/index.php\/wp-json\/wp\/v2\/posts\/1644\/revisions\/1646"}],"wp:featuredmedia":[{"embeddable":true,"href":"https:\/\/tenistenis.com\/index.php\/wp-json\/wp\/v2\/media\/1645"}],"wp:attachment":[{"href":"https:\/\/tenistenis.com\/index.php\/wp-json\/wp\/v2\/media?parent=1644"}],"wp:term":[{"taxonomy":"category","embeddable":true,"href":"https:\/\/tenistenis.com\/index.php\/wp-json\/wp\/v2\/categories?post=1644"},{"taxonomy":"post_tag","embeddable":true,"href":"https:\/\/tenistenis.com\/index.php\/wp-json\/wp\/v2\/tags?post=1644"}],"curies":[{"name":"wp","href":"https:\/\/api.w.org\/{rel}","templated":true}]}}