{"id":1618,"date":"2020-08-13T23:27:46","date_gmt":"2020-08-13T23:27:46","guid":{"rendered":"http:\/\/tenistenis.com\/?p=1618"},"modified":"2020-09-25T02:24:48","modified_gmt":"2020-09-25T02:24:48","slug":"novak-djokovic-confirma-al-us-open","status":"publish","type":"post","link":"https:\/\/tenistenis.com\/index.php\/2020\/08\/13\/novak-djokovic-confirma-al-us-open\/","title":{"rendered":"NOVAK DJOKOVIC CONFIRMA AL US OPEN"},"content":{"rendered":"\n<p><br>El mejor tenista del mundo en la actualidad seg\u00fan el Ranking Mundial de la ATP, Novak Djokovic, si estar\u00e1 en el US Open.<br>El serbio lo confirm\u00f3 y anunci\u00f3 este jueves se\u00f1alando que no fue una decisi\u00f3n f\u00e1cil pero que est\u00e1 feliz y emocionado por volver a competir.<br>Los otros integrantes del Big-3, Rafael Nadal (No.2 ATP) y Roger Federer (No.3 ATP) no estar\u00e1n presentes en el Abierto de los Estados Unidos. El espa\u00f1ol renunci\u00f3 a participar y el suizo se est\u00e1 recuperando de una operaci\u00f3n, por lo que la puerta esta abierta para que el balc\u00e1nico busque su t\u00edtulo de Grand Slam n\u00famero 18 para acercarse a la marca de 20 que le pertenece al veterano helv\u00e9tico de 36 a\u00f1os.<br>Djokovic tambi\u00e9n asegur\u00f3 su presencia desde el 22 del presente mes de agosto en el Torneo de Cincinnati que se traslad\u00f3 a la &#8220;Burbuja&#8221; de Nueva York para su realizaci\u00f3n, unos d\u00edas antes del US Open que arrancar\u00e1 el 31 de agosto y que debe culminar el 13 de septiembre.<br>Nole ha estado trabajando muy fuerte en Marbella, Espa\u00f1a, sobre superficies duras, las mismas que habr\u00e1 en el Complejo de Flushing Meadows, dejando para despu\u00e9s la tierra batida de Roland Garros.<\/p>\n\n\n\n<p>Debemos recordar que de todos los tenistas con buen ranking Novak Djokovic ya tuvo coronavirus, por lo que el no tiene tanto problema en acudir al US OPEN.<\/p>\n","protected":false},"excerpt":{"rendered":"<p>El mejor tenista del mundo en la actualidad seg\u00fan el Ranking Mundial de la ATP, Novak Djokovic, si estar\u00e1 en el US Open.El serbio lo confirm\u00f3 y anunci\u00f3 este jueves se\u00f1alando que no fue una decisi\u00f3n f\u00e1cil pero que est\u00e1 feliz y emocionado por volver a competir.Los otros integrantes del Big-3, Rafael Nadal (No.2 ATP) [&hellip;]<\/p>\n","protected":false},"author":4,"featured_media":1619,"comment_status":"open","ping_status":"open","sticky":false,"template":"","format":"standard","meta":{"footnotes":""},"categories":[5],"tags":[],"class_list":{"0":"post-1618","1":"post","2":"type-post","3":"status-publish","4":"format-standard","5":"has-post-thumbnail","7":"category-tenis-atp"},"aioseo_notices":[],"_links":{"self":[{"href":"https:\/\/tenistenis.com\/index.php\/wp-json\/wp\/v2\/posts\/1618","targetHints":{"allow":["GET"]}}],"collection":[{"href":"https:\/\/tenistenis.com\/index.php\/wp-json\/wp\/v2\/posts"}],"about":[{"href":"https:\/\/tenistenis.com\/index.php\/wp-json\/wp\/v2\/types\/post"}],"author":[{"embeddable":true,"href":"https:\/\/tenistenis.com\/index.php\/wp-json\/wp\/v2\/users\/4"}],"replies":[{"embeddable":true,"href":"https:\/\/tenistenis.com\/index.php\/wp-json\/wp\/v2\/comments?post=1618"}],"version-history":[{"count":1,"href":"https:\/\/tenistenis.com\/index.php\/wp-json\/wp\/v2\/posts\/1618\/revisions"}],"predecessor-version":[{"id":1620,"href":"https:\/\/tenistenis.com\/index.php\/wp-json\/wp\/v2\/posts\/1618\/revisions\/1620"}],"wp:featuredmedia":[{"embeddable":true,"href":"https:\/\/tenistenis.com\/index.php\/wp-json\/wp\/v2\/media\/1619"}],"wp:attachment":[{"href":"https:\/\/tenistenis.com\/index.php\/wp-json\/wp\/v2\/media?parent=1618"}],"wp:term":[{"taxonomy":"category","embeddable":true,"href":"https:\/\/tenistenis.com\/index.php\/wp-json\/wp\/v2\/categories?post=1618"},{"taxonomy":"post_tag","embeddable":true,"href":"https:\/\/tenistenis.com\/index.php\/wp-json\/wp\/v2\/tags?post=1618"}],"curies":[{"name":"wp","href":"https:\/\/api.w.org\/{rel}","templated":true}]}}