{"id":1536,"date":"2020-06-27T22:51:16","date_gmt":"2020-06-27T22:51:16","guid":{"rendered":"http:\/\/tenistenis.com\/?p=1536"},"modified":"2020-08-14T06:10:46","modified_gmt":"2020-08-14T06:10:46","slug":"se-cancelo-el-adria-tour-positivos-a-covid-19","status":"publish","type":"post","link":"https:\/\/tenistenis.com\/index.php\/2020\/06\/27\/se-cancelo-el-adria-tour-positivos-a-covid-19\/","title":{"rendered":"SE CANCELO EL ADRIA TOUR POSITIVOS A COVID 19"},"content":{"rendered":"\n<p>La final del segundo d\u00eda de la segunda parada del Adria Tour de Tenis fue cancelada este domingo despu\u00e9s de que uno de los jugadores que ha estado participando activamente en este certamen, Grigor Dimitrov, diera positivo en una prueba para detectar coronavirus sars2.<br>El b\u00falgaro confirm\u00f3 la noticia a trav\u00e9s de sus redes sociales con una foto en la que, ahora s\u00ed, portaba su tapabocas, a diferencia de lo que sucedi\u00f3 primero en Belgrado hace una semana, en d\u00f3nde los jugadores, incluido Novak Djokovic, el organizador de la gira y actual n\u00famero uno del mundo, se abrazaron y felicitaron continuamente durante los dos d\u00edas que dur\u00f3 esa primera etapa del torneo a beneficio que recorrer\u00eda diversas ciudades balc\u00e1nicas situadas a las orillas del Mar Adri\u00e1tico y que ahora muy posiblemente tendr\u00e1 que ser cancelado.<br>En dicho torneo hubo p\u00fablico en las gradas y hasta un ni\u00f1o de 12 a\u00f1os estuvo expuesto a los riesgos de contagio al fungir como recogepelotas y chocar su mano con los tenistas, incluido Djokovic, quien hab\u00eda dicho que en Serbia no ten\u00edan tantas restricciones porque la pandemia en esa zona estaba supuestamente controlada.<br>Posterior a esto, ya en la sede de Zadar, Dimitrov, que incluso se fue de fiesta en d\u00edas previos con Dominic Thiem, Alexander Zverev y el propio Nole, se sinti\u00f3 f\u00edsicamente mal, muy fatigado y ante esa situaci\u00f3n se realiz\u00f3 la prueba m\u00e9dica que result\u00f3 positiva, por lo que el duelo por el t\u00edtulo en Zadar, entre Djokovic y el propio Grigor Dimitrov, fue irremediablemente cancelado.<br>Adem\u00e1s de la irresponsable juerga ya mencionada, el b\u00falgaro jug\u00f3 en el Adria Tour, en las etapas 1 y 2 ante Borna Coric, Dominic Thiem, Nikola Milojevic y Dusan Lajovic, quienes hoy deben estar temblando de miedo por un posible contagio, al igual que el due\u00f1o de la cima del ranking mundial ATP, Novak Djokovic.<\/p>\n","protected":false},"excerpt":{"rendered":"<p>La final del segundo d\u00eda de la segunda parada del Adria Tour de Tenis fue cancelada este domingo despu\u00e9s de que uno de los jugadores que ha estado participando activamente en este certamen, Grigor Dimitrov, diera positivo en una prueba para detectar coronavirus sars2.El b\u00falgaro confirm\u00f3 la noticia a trav\u00e9s de sus redes sociales con [&hellip;]<\/p>\n","protected":false},"author":13,"featured_media":1537,"comment_status":"open","ping_status":"open","sticky":false,"template":"","format":"standard","meta":{"footnotes":""},"categories":[5],"tags":[33],"class_list":{"0":"post-1536","1":"post","2":"type-post","3":"status-publish","4":"format-standard","5":"has-post-thumbnail","7":"category-tenis-atp","8":"tag-t"},"aioseo_notices":[],"_links":{"self":[{"href":"https:\/\/tenistenis.com\/index.php\/wp-json\/wp\/v2\/posts\/1536","targetHints":{"allow":["GET"]}}],"collection":[{"href":"https:\/\/tenistenis.com\/index.php\/wp-json\/wp\/v2\/posts"}],"about":[{"href":"https:\/\/tenistenis.com\/index.php\/wp-json\/wp\/v2\/types\/post"}],"author":[{"embeddable":true,"href":"https:\/\/tenistenis.com\/index.php\/wp-json\/wp\/v2\/users\/13"}],"replies":[{"embeddable":true,"href":"https:\/\/tenistenis.com\/index.php\/wp-json\/wp\/v2\/comments?post=1536"}],"version-history":[{"count":1,"href":"https:\/\/tenistenis.com\/index.php\/wp-json\/wp\/v2\/posts\/1536\/revisions"}],"predecessor-version":[{"id":1538,"href":"https:\/\/tenistenis.com\/index.php\/wp-json\/wp\/v2\/posts\/1536\/revisions\/1538"}],"wp:featuredmedia":[{"embeddable":true,"href":"https:\/\/tenistenis.com\/index.php\/wp-json\/wp\/v2\/media\/1537"}],"wp:attachment":[{"href":"https:\/\/tenistenis.com\/index.php\/wp-json\/wp\/v2\/media?parent=1536"}],"wp:term":[{"taxonomy":"category","embeddable":true,"href":"https:\/\/tenistenis.com\/index.php\/wp-json\/wp\/v2\/categories?post=1536"},{"taxonomy":"post_tag","embeddable":true,"href":"https:\/\/tenistenis.com\/index.php\/wp-json\/wp\/v2\/tags?post=1536"}],"curies":[{"name":"wp","href":"https:\/\/api.w.org\/{rel}","templated":true}]}}