{"id":1213,"date":"2020-04-19T18:34:50","date_gmt":"2020-04-19T18:34:50","guid":{"rendered":"http:\/\/tenistenis.com\/?p=1213"},"modified":"2020-04-19T18:34:52","modified_gmt":"2020-04-19T18:34:52","slug":"djokovic-y-wawrinka-en-conversacion-talk-show","status":"publish","type":"post","link":"https:\/\/tenistenis.com\/index.php\/2020\/04\/19\/djokovic-y-wawrinka-en-conversacion-talk-show\/","title":{"rendered":"DJOKOVIC Y WAWRINKA EN CONVERSACI\u00d3N TALK SHOW"},"content":{"rendered":"\n<p>Los mejores jugadores del ATP Tour han estado formando su propio circuito de talk show esta semana en las redes sociales. Solo 24 horas despu\u00e9s de que Novak Djokovic y Andy Murray hicieran un Instagram Live juntos, el serbio regres\u00f3 a la plataforma el s\u00e1bado para conversar con Stan Wawrinka.<\/p>\n\n\n\n<p>Mientras ambos repasaban la final Wimbledon del a\u00f1o pasado y el apoyo del p\u00fablico que recibi\u00f3 Roger Federer, Wawrinka le pregunt\u00f3 a Djokovic por qu\u00e9 cree que esto sucede en muchos de sus partidos. El No. 1 del mundo en el FedEx ATP Rankings respondi\u00f3 dando m\u00e9rito a Federer y Rafael Nadal, reconociendo que sus juegos y personalidades facilitan que los aficionados est\u00e9n de su lado.<\/p>\n\n\n\n<p>&#8220;En la mayor\u00eda de los lugares, no espero que los aficionados est\u00e9n de mi lado. Creo que es por la grandeza de Federer y Nadal, no solo como jugadores de tenis, sino como personas&#8221;, dijo Djokovic. \u201cSon personas muy carism\u00e1ticas y agradables, humildes, grandes campeones que han dejado una gran marca en nuestro deporte. Soy parte de su era, as\u00ed que de una manera tengo suerte y de otra, no tanto\u201d.<\/p>\n\n\n\n<p>Djokovic y Wawrinka tambi\u00e9n compartieron momentos divertidos durante su charla. Hablaron sobre las bromas del serbio acerca de los pantalones cortos que usaba Wawrinka cuando gan\u00f3 Roland Garros de 2015, as\u00ed como la dieta de Djokovic.<\/p>\n\n\n\n<figure class=\"wp-block-embed-facebook wp-block-embed is-type-video is-provider-facebook\"><div class=\"wp-block-embed__wrapper\">\nhttps:\/\/www.facebook.com\/ATPTour\/videos\/472036233513264\/\n<\/div><\/figure>\n\n\n\n<p><a href=\"https:\/\/twitter.com\/atptour\/status\/1251564165942005761\"><\/a><\/p>\n\n\n\n<p>&#8220;Are you 35, Stan? What&#8217;s your secret potion.&#8221;<br><br>&#8220;It&#8217;s not vegan.&#8221; <a href=\"https:\/\/twitter.com\/stanwawrinka\">@stanwawrinka<\/a> | <a href=\"https:\/\/twitter.com\/DjokerNole\">@DjokerNole<\/a> | <a href=\"https:\/\/twitter.com\/hashtag\/tennisathome?src=hash\">#tennisathome<\/a><a href=\"https:\/\/twitter.com\/atptour\/status\/1251564165942005761\"><\/a><a href=\"https:\/\/twitter.com\/intent\/like?tweet_id=1251564165942005761\">4,554<\/a><a href=\"https:\/\/twitter.com\/atptour\/status\/1251564165942005761\">12:32 PM &#8211; Apr 18, 2020<\/a><a href=\"https:\/\/support.twitter.com\/articles\/20175256\">Twitter Ads info and privacy<\/a><a href=\"https:\/\/twitter.com\/atptour\/status\/1251564165942005761\">553 people are talking about this<br><\/a><\/p>\n","protected":false},"excerpt":{"rendered":"<p>Los mejores jugadores del ATP Tour han estado formando su propio circuito de talk show esta semana en las redes sociales. Solo 24 horas despu\u00e9s de que Novak Djokovic y Andy Murray hicieran un Instagram Live juntos, el serbio regres\u00f3 a la plataforma el s\u00e1bado para conversar con Stan Wawrinka. Mientras ambos repasaban la final [&hellip;]<\/p>\n","protected":false},"author":1,"featured_media":1214,"comment_status":"open","ping_status":"open","sticky":false,"template":"","format":"standard","meta":{"footnotes":""},"categories":[5],"tags":[],"class_list":{"0":"post-1213","1":"post","2":"type-post","3":"status-publish","4":"format-standard","5":"has-post-thumbnail","7":"category-tenis-atp"},"aioseo_notices":[],"_links":{"self":[{"href":"https:\/\/tenistenis.com\/index.php\/wp-json\/wp\/v2\/posts\/1213","targetHints":{"allow":["GET"]}}],"collection":[{"href":"https:\/\/tenistenis.com\/index.php\/wp-json\/wp\/v2\/posts"}],"about":[{"href":"https:\/\/tenistenis.com\/index.php\/wp-json\/wp\/v2\/types\/post"}],"author":[{"embeddable":true,"href":"https:\/\/tenistenis.com\/index.php\/wp-json\/wp\/v2\/users\/1"}],"replies":[{"embeddable":true,"href":"https:\/\/tenistenis.com\/index.php\/wp-json\/wp\/v2\/comments?post=1213"}],"version-history":[{"count":1,"href":"https:\/\/tenistenis.com\/index.php\/wp-json\/wp\/v2\/posts\/1213\/revisions"}],"predecessor-version":[{"id":1215,"href":"https:\/\/tenistenis.com\/index.php\/wp-json\/wp\/v2\/posts\/1213\/revisions\/1215"}],"wp:featuredmedia":[{"embeddable":true,"href":"https:\/\/tenistenis.com\/index.php\/wp-json\/wp\/v2\/media\/1214"}],"wp:attachment":[{"href":"https:\/\/tenistenis.com\/index.php\/wp-json\/wp\/v2\/media?parent=1213"}],"wp:term":[{"taxonomy":"category","embeddable":true,"href":"https:\/\/tenistenis.com\/index.php\/wp-json\/wp\/v2\/categories?post=1213"},{"taxonomy":"post_tag","embeddable":true,"href":"https:\/\/tenistenis.com\/index.php\/wp-json\/wp\/v2\/tags?post=1213"}],"curies":[{"name":"wp","href":"https:\/\/api.w.org\/{rel}","templated":true}]}}