{"id":1196,"date":"2020-04-16T00:18:45","date_gmt":"2020-04-16T00:18:45","guid":{"rendered":"http:\/\/tenistenis.com\/?p=1196"},"modified":"2020-04-16T00:28:18","modified_gmt":"2020-04-16T00:28:18","slug":"las-victorias-te-dan-una-felicidad-pasajera-nadal","status":"publish","type":"post","link":"https:\/\/tenistenis.com\/index.php\/2020\/04\/16\/las-victorias-te-dan-una-felicidad-pasajera-nadal\/","title":{"rendered":"&#8220;LAS VICTORIAS TE DAN UNA FELICIDAD PASAJERA&#8221; NADAL."},"content":{"rendered":"\n<p>Esta Entrevista es del mes de Enero y por la contingencia del coronavirus, estamos recuperando art\u00edculos para que ustedes tengan que leer.<\/p>\n\n\n\n<p>El s\u00e1bado a mediod\u00eda, Rafael Nadal tiene muchas cosas que hacer. Durante casi una hora, el espa\u00f1ol se dedica a atender todos los compromisos que tiene con la prensa en el Abierto de Australia y cuando termina se marcha directo a la pista 23 para participar en un encuentro con los ganadores del Rafa Nadal Tour, aprovechando un clinic de su academia que tiene como principal atractivo a Carlos Moy\u00e0, su entrenador, y a Tomeu Salv\u00e0, uno de sus mejores amigos.<\/p>\n\n\n\n<p>A esa hora, Nadal ya ha decidido tomarse un respiro y cancelar el entrenamiento que ten\u00eda programado para las cinco.<\/p>\n\n\n\n<p>Por la ma\u00f1ana, el No. 1 del mundo se ha entrenado durante dos horas con Dominic Thiem en la Melbourne Arena, a pocos metros de la Rod Laver Arena donde el martes debutar\u00e1 ante Hugo Dellien para iniciar un camino que puede llevarle a igualarle a Roger Federer en n\u00famero de torneos del Grand Slam (19 a 20 ahora mismo).<\/p>\n\n\n\n<p>Poco despu\u00e9s de las cuatro y media, Nadal, que viste camiseta rosa y pantal\u00f3n corto blanco, carga con su raquetero y se monta en la parte trasera de un coche en el que tambi\u00e9n viajan Maria Francisca Perell\u00f3, su mujer desde el pasado mes de octubre, Benito P\u00e9rez-Barbadillo, su jefe de prensa, y el periodista con el que se ha citado para una entrevista que transcurre mientras regresa a su hotel entre los sem\u00e1foros y las calles de Melbourne.<\/p>\n\n\n\n<p>Como siempre, Nadal es un 10 en el cara a cara: cuando el veh\u00edculo llega a las puertas del imponente Crown Towers, la fortaleza de muchos de los jugadores en el primer grande de la temporada, el tenista le pregunta al conductor si es posible mantener el coche parado y quedarse dentro, consiguiendo as\u00ed m\u00e1s tiempo para acabar la entrevista sin prisas.<\/p>\n\n\n\n<p><strong>\u00bfEn su casa son de Pap\u00e1 Noel o de Reyes Magos?<br><\/strong>Siempre hemos sido m\u00e1s de Reyes Magos.<\/p>\n\n\n\n<p><strong>P\u00f3ngase en la piel de alguien que tiene hacerle un regalo a Rafael Nadal. De entrada, parece todo un reto.<br><\/strong>Este a\u00f1o me han regalado un parch\u00eds con la cara de cada jugador habitual: la de Rafa Maym\u00f2, la de Carlos Moy\u00e0, la de mi padre y la m\u00eda grabadas en el tablero. Eso me hizo mucha ilusi\u00f3n porque siempre estamos con la broma del parch\u00eds, que jugamos antes de los partidos. Y me han hecho otros regalitos que tambi\u00e9n me han gustado, cosas de ropa.<\/p>\n\n\n\n<p><strong>\u00bfPor qu\u00e9 el parch\u00eds?<br><\/strong>Es un juego f\u00e1cil. Por la composici\u00f3n de nuestro equipo, es un juego que viene bien. Normalmente, somos siempre tres o cuatro, as\u00ed que se adapta bien a nosotros. El parch\u00eds nos divierte porque te mantiene en tensi\u00f3n en todo momento, te distrae y te ayuda a no pensar mucho antes de los partidos. A m\u00ed me gusta calentar con tiempo y despu\u00e9s descanso, as\u00ed que me entretengo jugando unas partidas. Tambi\u00e9n en los d\u00edas libres, o en los aeropuertos, ayuda a pasar las horas estando en equipo, no solo con el tel\u00e9fono o viendo series. Es una forma de unirnos.<\/p>\n\n\n\n<figure class=\"wp-block-image\"><img decoding=\"async\" src=\"https:\/\/www.atptour.com\/-\/media\/images\/news\/2020\/01\/19\/08\/32\/australian-open-2020-nadal-domingo-1.jpeg?la=es&amp;hash=06382573FC5E4DF35A6A680A4C432AF5D519ADB5\" alt=\"Nadal \"\/><\/figure>\n\n\n\n<p><strong>\u00bfLee con frecuencia?<br><\/strong>Leo a diario, pero no necesariamente libros.<\/p>\n\n\n\n<p><strong>Prensa, entiendo.<br><\/strong>S\u00ed. Evidentemente, leo mucho sobre lo que est\u00e1 pasando en Espa\u00f1a. Son momentos nuevos, y qu\u00e9 menos que leer para intentar entender todas las situaciones y poder tener una informaci\u00f3n m\u00e1s detallada de todo lo que est\u00e1 ocurriendo. S\u00ed, acostumbro a leer las noticias diariamente.<\/p>\n\n\n\n<p><strong>\u00bfY sobre usted?<br><\/strong>Leo bastante menos sobre m\u00ed que sobre las noticias del mundo en general. No me leo todas las cr\u00f3nicas que se escriben sobre m\u00ed. Alguna vez me pasan alguna, si es especialmente malsonante o al rev\u00e9s tambi\u00e9n. Entonces, s\u00ed que me gusta saber qui\u00e9n habla bien y qui\u00e9n habla mal, y me gusta entender los motivos de por qu\u00e9 se habla bien o por qu\u00e9 se habla mal, m\u00e1s que el art\u00edculo. Es decir, cuando se escribe algo negativo, ya no solo sobre partidos, intento descubrir si es porque realmente soy el causante, o si es porque alguien lo hace por algo personal que desconozco.<\/p>\n\n\n\n<p><strong>\u00bfY ver?<br><\/strong>He visto ahora mismo una serie que me ha encantado: Grandes acontecimientos de la II Guerra Mundial en color. Son 10 episodios muy interesantes. Uno sabe la historia, pero vi\u00e9ndola as\u00ed, con im\u00e1genes reales, te ayuda a darte cuenta de la magnitud y la brutalidad que se vivi\u00f3 durante toda esa \u00e9poca. Es parte de nuestra historia, y es importante saberla para intentar no repetirla.<\/p>\n\n\n\n<p><strong>\u201cPens\u00e9 en parar una temporada para ver si se regeneraba un poco mi cuerpo y dejaba de ir en lesi\u00f3n en lesi\u00f3n\u201d, dijo en los primeros meses del a\u00f1o pasado. \u00bfFue una crisis tan grande como parece desde fuera?<\/strong><br>Crisis, o se le puede llamar como quiera. M\u00e1s que crisis, dir\u00eda que tuve un momento bajo, un momento duro para m\u00ed. Crisis no es hacer dos semifinales, una crisis es otras cosas. En cualquier caso, fue algo relativamente corto. El problema m\u00edo real empez\u00f3 en los cuartos de Indian Wells y dur\u00f3 hasta mitad del Conde de God\u00f3. Solo hay un torneo y medio comprometido, dentro de esa crisis m\u00eda de energ\u00eda e ilusi\u00f3n. Obviamente, mi crisis interna comienza cuando me lesiono ante Khachanov en Indian Wells porque voy encadenando un problema tras otro desde hace mucho tiempo.<\/p>\n\n\n\n<p><strong>\u00bfEran sensaciones desconocidas?<\/strong><br>No porque he estado lesionado muchas veces. Aunque quiz\u00e1s la sensaci\u00f3n que tuve en el partido contra Leo Mayer en la primera ronda del God\u00f3 nunca la hab\u00eda tenido dentro de una pista de tenis. Recuerdo pocos igual, la verdad.<\/p>\n\n\n\n<p><strong>\u201cMe quiero ir de aqu\u00ed\u201d, se le lleg\u00f3 a escuchar en ese partido.<br><\/strong>S\u00ed.<\/p>\n\n\n\n<p><strong>\u00bfQu\u00e9 sent\u00eda?<br><\/strong>Cuando uno tiene dudas, cuando lleva tiempo sin poder entrenar\u2026 Bueno, es que ya no es un tema incluso de disfrutar, es un tema de no poder entrenar por arrastrar m\u00e1s problemas f\u00edsicos de la cuenta y por dolores diarios que no te permiten hacer la actividad normal de una persona. Vivir siempre con problemas hace que uno lo vea todo negro, y uno tiene un baj\u00f3n un poco m\u00e1s grande.<\/p>\n\n\n\n<p><strong>Siga.<br><\/strong>Yo ven\u00eda de un 2018 con much\u00edsimos problemas, aunque los resultados ten\u00edsticos hubieran sido muy buenos. Y los primeros tres o cuatro meses de 2019, quitando el Abierto de Australia, fueron m\u00e1s de lo mismo. Y eso que durante ese torneo tuve un susto en el abdominal, con una peque\u00f1a elongaci\u00f3n. En Brisbane me retir\u00e9 por una rotura en el cu\u00e1driceps, en Acapulco me pas\u00f3 lo de la mano antes de empezar, en Indian Wells lo de la rodilla. Y eso acompa\u00f1ado de una operaci\u00f3n en el pie a finales de 2018, de una rotura abdominal, de retirarme del Abierto de Australia, de retirarme del Abierto de los Estados Unidos\u2026 Pues explotas, claro que explotas.<\/p>\n\n\n\n<figure class=\"wp-block-image size-large\"><img loading=\"lazy\" decoding=\"async\" width=\"978\" height=\"554\" src=\"https:\/\/tenistenis.com\/wp-content\/uploads\/2020\/04\/RAFA-NADAL-ENOJADO.jpg\" alt=\"\" class=\"wp-image-1198\" srcset=\"https:\/\/tenistenis.com\/wp-content\/uploads\/2020\/04\/RAFA-NADAL-ENOJADO.jpg 978w, https:\/\/tenistenis.com\/wp-content\/uploads\/2020\/04\/RAFA-NADAL-ENOJADO-300x170.jpg 300w, https:\/\/tenistenis.com\/wp-content\/uploads\/2020\/04\/RAFA-NADAL-ENOJADO-768x435.jpg 768w\" sizes=\"auto, (max-width: 978px) 100vw, 978px\" \/><\/figure>\n\n\n\n<p><strong>Y explot\u00f3 contra Mayer.<br><\/strong>Ese partido con Mayer fue el momento cumbre, pero hay veces que uno necesita llegar ah\u00ed para empezar otra vez. Peor que en aquel momento no pod\u00eda estar, as\u00ed que hab\u00eda dos opciones: o paraba unos cuantos meses hasta que yo me sintiera recuperado, que era lo que ten\u00eda decidido hacer en un primer momento, o segu\u00eda, pero con un cambio. Necesitaba un cambio de din\u00e1mica f\u00edsica, pero tambi\u00e9n uno de ilusi\u00f3n personal. No nos enga\u00f1emos: yo hago un cambio de actitud en ese momento, pero todos los resultados que llegan despu\u00e9s no vienen precedidos por eso. Dejo de tener las limitaciones evidentes en mi d\u00eda a d\u00eda, y eso me ayuda. Nadie puede competir con m\u00e1s limitaciones de la cuenta.<\/p>\n\n\n\n<p><strong>\u00bfCu\u00e1ntas lesiones sufre sin que los periodistas lo sepan?<br><\/strong>Usted no le cuenta a todo el mundo todo lo que le pasa, ni yo tampoco. Hay veces que van sucediendo cosas, y m\u00e1s en mi caso. Si ya llevo muchas que se saben y encima cuento m\u00e1s\u2026 parece que soy.\u2026<\/p>\n\n\n\n<p><strong>El pupas.<br><\/strong>Justo eso.<\/p>\n\n\n\n<p><strong>\u00bfEn ning\u00fan caso pens\u00f3 en decir basta?<br><\/strong>No, no he tenido ese pensamiento en ning\u00fan caso.<\/p>\n\n\n\n<p><strong>\u00bfY cree que ser\u00e1 de una forma parecida a la de la temporada anterior?<br><\/strong>No tengo ni idea. No creo que sea una cosa que se planifique. Como no pienso en ella, no s\u00e9 c\u00f3mo puede llegar. Supongo que es un proceso que no es de un d\u00eda para otro. O tu cuerpo lo decide por ti, o t\u00fa decides si ha llegado el momento, pero no es algo que pueda plantearme a d\u00eda de hoy. Y tampoco me preocupa. Puede venir de muchas maneras. Puede ser que est\u00e9 en un momento brillante, perfecto, pero me quiera ir porque he cumplido mi ciclo, porqu\u00e9 est\u00e9 satisfecho y completo conmigo mismo. O, sin embargo, puedo estar jugando mal y quiera seguir porque estoy disfrutando de lo que hago. O, que est\u00e9 jugando mal, tenga problemas f\u00edsicos, me sienta cansado y quiera dejarlo. De verdad que no lo s\u00e9. Son cosas que uno no puede predecir. Ya llegar\u00e1, y cuando pase estoy seguro de que ser\u00e9 completamente feliz despu\u00e9s.<\/p>\n\n\n\n<figure class=\"wp-block-image\"><img decoding=\"async\" src=\"https:\/\/www.atptour.com\/-\/media\/images\/news\/2020\/01\/19\/08\/34\/australian-open-2020-nadal-domingo-2.jpeg?la=es&amp;hash=171007513674ADC9C4AEE822C4D133BAC9970EC9\" alt=\"Nadal\"\/><\/figure>\n\n\n\n<p><strong>\u201cMe gustar\u00eda ser recordado como una buena persona m\u00e1s que como un buen jugador de tenis\u201d, dijo en Perth hace unos d\u00edas durante la ATP Cup.<\/strong><br>Es que creo que esto es as\u00ed para cualquiera\u2026<\/p>\n\n\n\n<p><strong>Bueno, o no. Habr\u00eda que verlo.<br><\/strong>La realidad es simple: puedes tener todos los t\u00edtulos que quieras, pero si no tiene la capacidad de poder disfrutar de la vida con gente a la que quieres, y que te quiere, qu\u00e9 m\u00e1s da todo lo dem\u00e1s. Yo lo entiendo de esta manera.<\/p>\n\n\n\n<p><strong>\u00bfPor eso dice que pasar a Roger Federer en n\u00famero de grandes no le va a hacer m\u00e1s feliz? Tiene la oportunidad de empatarle en este Abierto de Australia.<br><\/strong>Es que mi felicidad del futuro no depende de pasar a Federer. Este es el fin de la historia. La felicidad plena no me la va a dar ganar 20 ni 25 torneos del Grand Slam. \u00bfMe hace ilusi\u00f3n? Pues claro que me hace ilusi\u00f3n porque me dedico a esto y quiero ser lo mejor posible, pero me han pasado tantas cosas buenas durante todos estos a\u00f1os que solo puedo estar agradecido a la vida y a la gente que me ha ayudado.<\/p>\n\n\n\n<p><strong>Pero tambi\u00e9n asegura que le hace ilusi\u00f3n.<br><\/strong>El tema deportivo me hace ilusi\u00f3n, pero no me confundo ni me obsesiono. Hace pocos meses gan\u00e9 el Abierto de los Estados Unidos y luego conseguimos con el equipo espa\u00f1ol la Copa Davis, pero aqu\u00ed estamos otra vez en el Abierto de Australia. \u00bfMe hizo feliz aquello? Claro que me hizo feliz, pero estamos de vuelta en Melbourne. Es decir, la vida contin\u00faa. \u00bfY si no hubiese ganado todo eso? Pues posiblemente estar\u00edamos aqu\u00ed igualmente, y no ser\u00edamos m\u00e1s infelices. Las victorias te dan una felicidad pasajera, la felicidad real te la dan otras cosas en la vida. Y aunque en estos momentos vivamos de victorias y derrotas en el mundo del deporte, hay cosas mucho m\u00e1s importantes que todas estas. No es un tema de filosof\u00eda, es la realidad de todo. Claro que en estos momentos a m\u00ed me afecta jugar mejor, peor, ganar o perder. Claro que eso le afecta a mi felicidad actual, pero a mi felicidad futura\u2026 le aseguro que no.<\/p>\n\n\n\n<p><strong>\u00bfSe puede comparar la felicidad de ganar con la irse a pasar un fin de semana en barco y bucear o pescar?<br><\/strong>Todo es comparable en esta vida, pero son situaciones diferentes y momentos de felicidad distintos. Por mucho que uno se crea que ganar te da esa felicidad especial, dentro de la competici\u00f3n tambi\u00e9n hay sufrimiento, estr\u00e9s y preocupaci\u00f3n. Cuando combinas todas estas sensaciones claro que hay un momento de gran satisfacci\u00f3n personal al conseguir algo. Pero la felicidad es la satisfacci\u00f3n personal de lo que has trabajado para llegar ah\u00ed. La felicidad por haber conseguido aquel momento quiz\u00e1s es mayor que cuando est\u00e1s en el barco con tu familia o amigos. Al final, est\u00e1s viviendo un momento de tranquilidad y es una felicidad m\u00e1s c\u00f3moda, por decirlo de alguna manera. La otra es una felicidad m\u00e1s inc\u00f3moda. Las dem\u00e1s cosas, si tengo suerte, tendr\u00e9 mucho tiempo para hacerlas. A d\u00eda de hoy, la satisfacci\u00f3n personal que te da saber que te vas a ir del circuito tras haber hecho las cosas de la mejor manera posible, habiendo estado cerca de tu l\u00edmite, creo que eso s\u00ed que puede dar una felicidad futura.<\/p>\n\n\n\n<p><strong>Ha repetido muchas veces que no se ve\u00eda jugando al tenis con 33 a\u00f1os, \u00bfse ve\u00eda con hijos a esta edad?<br><\/strong>Pues no lo sab\u00eda. Si no me ve\u00eda jugando a tenis\u2026 es posible que s\u00ed, que hubiera podido tener ni\u00f1os antes. Es una cosa que tampoco depende de uno solo.<\/p>\n\n\n\n<p><strong>\u00bfLe gustar\u00eda ser padre pronto?<br><\/strong>Me encantan los ni\u00f1os y me gustar\u00eda formar una familia, y por la edad que vamos teniendo tampoco vamos a tardar cinco a\u00f1os.<\/p>\n\n\n\n<figure class=\"wp-block-image\"><img decoding=\"async\" src=\"https:\/\/www.atptour.com\/-\/media\/images\/news\/2020\/01\/19\/08\/36\/australian-open-2020-nadal-domingo-3.jpeg?la=es&amp;hash=64F8504BEB31A92D6B751EF33D0D5393F8721FF5\" alt=\"Nadal\"\/><\/figure>\n\n\n\n<p><strong>Hay algo que quiz\u00e1s tarde menos: la ampliaci\u00f3n de la Rafa Nadal Academy que ya es una realidad.<br><\/strong>Significa mucho para m\u00ed, pero mucho m\u00e1s para todos los que entrenan ah\u00ed. Hay d\u00edas que llueve en Mallorca, d\u00edas que no pueden entrenar en las condiciones que merecen los que trabajan duro para mejorar al m\u00e1ximo su nivel. Con la ampliaci\u00f3n de las pistas, especialmente las cubiertas, damos un salto de calidad muy importante, y el servicio que vamos a proporcionar a los clientes es mucho mejor porque se pueden planificar las cosas. A la hora de acoger eventos, por ejemplo, es una gran ayuda porque tenemos la seguridad de que se pueden desarrollar, ocurra lo que ocurra. Y tenemos la oportunidad de albergar eventos importantes para la isla. Busc\u00e1bamos no alejarnos de lo que necesita un centro de referencia internacional. Sin la ampliaci\u00f3n nos qued\u00e1bamos atr\u00e1s, ahora podemos decir que estamos en camino de ser una referencia ten\u00edstica, y tambi\u00e9n deportiva. Y tambi\u00e9n estoy contento porque de alguna manera la gente de todo el mundo que viene habitualmente podr\u00e1 disfrutar a\u00fan m\u00e1s de las instalaciones. A nivel local, adem\u00e1s, va a generar m\u00e1s puestos de trabajo. Hay m\u00e1s de 300 puestos de trabajo directos a d\u00eda de hoy, y con la ampliaci\u00f3n se aumentar\u00e1 el n\u00famero. Para m\u00ed, es bonito tener a mucha gente de Mallorca trabajando en un centro como este.<\/p>\n","protected":false},"excerpt":{"rendered":"<p>Esta Entrevista es del mes de Enero y por la contingencia del coronavirus, estamos recuperando art\u00edculos para que ustedes tengan que leer. El s\u00e1bado a mediod\u00eda, Rafael Nadal tiene muchas cosas que hacer. Durante casi una hora, el espa\u00f1ol se dedica a atender todos los compromisos que tiene con la prensa en el Abierto de [&hellip;]<\/p>\n","protected":false},"author":1,"featured_media":1197,"comment_status":"open","ping_status":"open","sticky":false,"template":"","format":"standard","meta":{"footnotes":""},"categories":[5],"tags":[22],"class_list":{"0":"post-1196","1":"post","2":"type-post","3":"status-publish","4":"format-standard","5":"has-post-thumbnail","7":"category-tenis-atp","8":"tag-tenis"},"aioseo_notices":[],"_links":{"self":[{"href":"https:\/\/tenistenis.com\/index.php\/wp-json\/wp\/v2\/posts\/1196","targetHints":{"allow":["GET"]}}],"collection":[{"href":"https:\/\/tenistenis.com\/index.php\/wp-json\/wp\/v2\/posts"}],"about":[{"href":"https:\/\/tenistenis.com\/index.php\/wp-json\/wp\/v2\/types\/post"}],"author":[{"embeddable":true,"href":"https:\/\/tenistenis.com\/index.php\/wp-json\/wp\/v2\/users\/1"}],"replies":[{"embeddable":true,"href":"https:\/\/tenistenis.com\/index.php\/wp-json\/wp\/v2\/comments?post=1196"}],"version-history":[{"count":1,"href":"https:\/\/tenistenis.com\/index.php\/wp-json\/wp\/v2\/posts\/1196\/revisions"}],"predecessor-version":[{"id":1199,"href":"https:\/\/tenistenis.com\/index.php\/wp-json\/wp\/v2\/posts\/1196\/revisions\/1199"}],"wp:featuredmedia":[{"embeddable":true,"href":"https:\/\/tenistenis.com\/index.php\/wp-json\/wp\/v2\/media\/1197"}],"wp:attachment":[{"href":"https:\/\/tenistenis.com\/index.php\/wp-json\/wp\/v2\/media?parent=1196"}],"wp:term":[{"taxonomy":"category","embeddable":true,"href":"https:\/\/tenistenis.com\/index.php\/wp-json\/wp\/v2\/categories?post=1196"},{"taxonomy":"post_tag","embeddable":true,"href":"https:\/\/tenistenis.com\/index.php\/wp-json\/wp\/v2\/tags?post=1196"}],"curies":[{"name":"wp","href":"https:\/\/api.w.org\/{rel}","templated":true}]}}