{"id":1120,"date":"2020-04-09T20:40:24","date_gmt":"2020-04-09T20:40:24","guid":{"rendered":"http:\/\/tenistenis.com\/?p=1120"},"modified":"2020-04-09T20:40:25","modified_gmt":"2020-04-09T20:40:25","slug":"la-atp-planea-suspender-hasta-el-2021-los-juegos","status":"publish","type":"post","link":"https:\/\/tenistenis.com\/index.php\/2020\/04\/09\/la-atp-planea-suspender-hasta-el-2021-los-juegos\/","title":{"rendered":"LA ATP PLANEA SUSPENDER HASTA EL 2021 LOS JUEGOS"},"content":{"rendered":"\n<p>La Asociaci\u00f3n de Tenistas Profesionales (<strong>ATP<\/strong>) y Asociaci\u00f3n de Tenis Femenino (<strong>WTA<\/strong>) confirmaron que la acci\u00f3n&nbsp;<strong>estar\u00e1 suspendida, al menos, hasta el pr\u00f3ximo 13 de julio&nbsp;<\/strong>debido a la propagaci\u00f3n del COVID-19.<\/p>\n\n\n\n<p>A la espera de c\u00f3mo ser\u00e1 la evoluci\u00f3n del virus, y c\u00f3mo podr\u00eda ser su contenci\u00f3n en los epicentros de la pandemia,&nbsp;<strong>la ATP estar\u00eda analizando la posibilidad de poner fin a la temporada 2020<\/strong>&nbsp;del circuito masculino en el que, hasta el momento de la suspensi\u00f3n, el serbio Novak Djokovic estaba ubicado en el puesto n\u00famero 1 del ranking mundial.<\/p>\n\n\n\n<figure class=\"wp-block-image size-large\"><img decoding=\"async\" src=\"https:\/\/odiseadeportiva.mx\/wp-content\/uploads\/2020\/04\/NADAL-99.jpeg\" alt=\"\" class=\"wp-image-6271\"\/><\/figure>\n\n\n\n<p>As\u00ed lo anunci\u00f3 el presidente de la entidad, el italiano&nbsp;<strong>Andrea Gaudenzi<\/strong>, en una entrevista que le concedi\u00f3 al peri\u00f3dico&nbsp;<em>Corriere della Sera<\/em>.&nbsp;<strong>\u201cNadie sabe cu\u00e1ndo volveremos a competir. El 9 de marzo cancelamos Indian Wells por la regla \u2018primero la salud y la seguridad\u2019 y no nos planteamos jugar a puerta cerrada. A partir de ese momento, la epidemia se agudiz\u00f3 y ahora estoy bloqueado en mi casa de Londres, haciendo planes que podr\u00edan cambiar en todo momento dependiendo de la emergencia sanitaria\u201d<\/strong>, coment\u00f3 el titular de la ATP.<\/p>\n\n\n\n<p><strong>\u201cEstamos hablando de fechas hipot\u00e9ticas. Ahora, tambi\u00e9n el Abierto de Estados Unidos se est\u00e1 planteando aplazar el torneo de este a\u00f1o. Todo depende del virus. Nadie puede excluir el aplazamiento del tenis hasta enero de 2021, que volvamos a jugar con el Abierto de Australia\u201d<\/strong><\/p>\n\n\n\n<p>Ante la cr\u00edtica situaci\u00f3n sanitaria que est\u00e1n atravesando pa\u00edses como Estados Unidos, Italia, Espa\u00f1a o Francia, el presidente de la ATP confirm\u00f3 que aguardar\u00e1 la evoluci\u00f3n de la pandemia para analizar los pasos a seguir en lo que resta del calendario 2020. Adem\u00e1s, confirm\u00f3 que&nbsp;<strong>los torneos de Grand Slam&nbsp;<\/strong>-todav\u00eda quedar\u00edan por disputarse Roland Garros, que cambi\u00f3 su fecha para septiembre- y el US Open en la misma \u00e9poca del a\u00f1o-&nbsp;<strong>y el Masters de Londres son los eventos prioritarios a la hora de organizar lo que resta de la temporada<\/strong>, en caso que se pueda volver a las canchas.<\/p>\n\n\n\n<p><strong>&#8220;Los Grand Slam y las Finales de Londres tienen prioridad. Llegar a Londres con tres Grand Slam disputados y alg\u00fan torneo Masters 1000 estar\u00eda bien. Estamos trabajando para un calendario hipot\u00e9tico, con las finales como punto fijo. El O2 Arena de Londres -estadio donde se disputa el certamen que re\u00fane a los mejores tenistas del a\u00f1o- solo est\u00e1 disponible del 15 al 22 de noviembre\u201d<\/strong><\/p>\n\n\n\n<figure class=\"wp-block-image\"><a href=\"https:\/\/twitter.com\/intent\/tweet?text=La%20ATP%20analiza%20suspender%20el%20circuito%20de%20tenis%20hasta%202021%20por%20el%20avance%20del%20coronavirus&amp;url=https:\/\/www.infobae.com\/america\/deportes\/2020\/04\/09\/la-atp-analiza-suspender-el-circuito-de-tenis-hasta-2021-por-el-avance-del-coronavirus\/%23R7UWBIE2J5F6VPKZFTBHY3TMUQ\" target=\"_blank\" rel=\"noreferrer noopener\"><img decoding=\"async\" src=\"https:\/\/www.infobae.com\/new-resizer\/gM5PBtQf7WH2K_lnkMKpXBNapsw=\/750x0\/filters:quality(100)\/arc-anglerfish-arc2-prod-infobae.s3.amazonaws.com\/public\/R7UWBIE2J5F6VPKZFTBHY3TMUQ.jpg\" alt=\"Wimbledon cancel\u00f3 su edici\u00f3n 2020 para el a\u00f1o pr\u00f3ximo a causa del avance del coronavirus en el Reino Unido (USA TODAY Sports)\"\/><\/a><figcaption>Wimbledon cancel\u00f3 su edici\u00f3n 2020 para el a\u00f1o pr\u00f3ximo a causa del avance del COVID 19 en el Reino Unido (USA TODAY Sports)<\/figcaption><\/figure>\n\n\n\n<p><strong>\u201cNo habr\u00e1 lo que se dice \u2018fuera de temporada\u2019. Los jugadores ya han estado parados lo suficiente y est\u00e1n de acuerdo en esto. Jugaremos m\u00e1s torneos posible en las semanas que quedan hasta diciembre, para preservar los puntos y los premios\u201d<\/strong>, agreg\u00f3 el dirigente italiano.<\/p>\n","protected":false},"excerpt":{"rendered":"<p>La Asociaci\u00f3n de Tenistas Profesionales (ATP) y Asociaci\u00f3n de Tenis Femenino (WTA) confirmaron que la acci\u00f3n&nbsp;estar\u00e1 suspendida, al menos, hasta el pr\u00f3ximo 13 de julio&nbsp;debido a la propagaci\u00f3n del COVID-19. A la espera de c\u00f3mo ser\u00e1 la evoluci\u00f3n del virus, y c\u00f3mo podr\u00eda ser su contenci\u00f3n en los epicentros de la pandemia,&nbsp;la ATP estar\u00eda analizando [&hellip;]<\/p>\n","protected":false},"author":1,"featured_media":1121,"comment_status":"open","ping_status":"open","sticky":false,"template":"","format":"standard","meta":{"footnotes":""},"categories":[30,5],"tags":[],"class_list":{"0":"post-1120","1":"post","2":"type-post","3":"status-publish","4":"format-standard","5":"has-post-thumbnail","7":"category-copa-davis","8":"category-tenis-atp"},"aioseo_notices":[],"_links":{"self":[{"href":"https:\/\/tenistenis.com\/index.php\/wp-json\/wp\/v2\/posts\/1120","targetHints":{"allow":["GET"]}}],"collection":[{"href":"https:\/\/tenistenis.com\/index.php\/wp-json\/wp\/v2\/posts"}],"about":[{"href":"https:\/\/tenistenis.com\/index.php\/wp-json\/wp\/v2\/types\/post"}],"author":[{"embeddable":true,"href":"https:\/\/tenistenis.com\/index.php\/wp-json\/wp\/v2\/users\/1"}],"replies":[{"embeddable":true,"href":"https:\/\/tenistenis.com\/index.php\/wp-json\/wp\/v2\/comments?post=1120"}],"version-history":[{"count":1,"href":"https:\/\/tenistenis.com\/index.php\/wp-json\/wp\/v2\/posts\/1120\/revisions"}],"predecessor-version":[{"id":1122,"href":"https:\/\/tenistenis.com\/index.php\/wp-json\/wp\/v2\/posts\/1120\/revisions\/1122"}],"wp:featuredmedia":[{"embeddable":true,"href":"https:\/\/tenistenis.com\/index.php\/wp-json\/wp\/v2\/media\/1121"}],"wp:attachment":[{"href":"https:\/\/tenistenis.com\/index.php\/wp-json\/wp\/v2\/media?parent=1120"}],"wp:term":[{"taxonomy":"category","embeddable":true,"href":"https:\/\/tenistenis.com\/index.php\/wp-json\/wp\/v2\/categories?post=1120"},{"taxonomy":"post_tag","embeddable":true,"href":"https:\/\/tenistenis.com\/index.php\/wp-json\/wp\/v2\/tags?post=1120"}],"curies":[{"name":"wp","href":"https:\/\/api.w.org\/{rel}","templated":true}]}}