{"id":1020,"date":"2020-03-25T18:01:06","date_gmt":"2020-03-25T18:01:06","guid":{"rendered":"http:\/\/tenistenis.com\/?p=1020"},"modified":"2020-03-25T23:43:34","modified_gmt":"2020-03-25T23:43:34","slug":"1020","status":"publish","type":"post","link":"https:\/\/tenistenis.com\/index.php\/2020\/03\/25\/1020\/","title":{"rendered":"ROGER FEDERER PIERDE APOYO DE EMPRESA DE CAF\u00c9"},"content":{"rendered":"\n<p>Roger Federer pierde el apoyo de Starbucks Caf\u00e9<\/p>\n\n\n\n<p>La cadena de tiendas de cafeter\u00eda, decidi\u00f3 no subvencionar a la organizaci\u00f3n ben\u00e9fica del suizo, al menos por este a\u00f1o.<\/p>\n\n\n\n<p>A pesar de que la Fundaci\u00f3n Roger Federer recibi\u00f3 una Beca Origin de la Fundaci\u00f3n Starbucks en 2019, la organizaci\u00f3n ben\u00e9fica de la marca de caf\u00e9 no ha incluido la asociaci\u00f3n del Maestro suizo entre los destinatarios de sus apoyos econ\u00f3micos, del ejercicio 2020.<\/p>\n\n\n\n<p>La iniciativa filantr\u00f3pica de Starbucks comenz\u00f3 en 2018, en el D\u00eda Internacional de la Mujer. Las subvenciones se ofrecen para lograr el objetivo de empoderar a 250,000 mujeres y ni\u00f1as en las comunidades de origen para 2025.<\/p>\n\n\n\n<p>&#8220;La estrategia de varios a\u00f1os de la Fundaci\u00f3n Starbucks promover\u00e1 oportunidades de liderazgo y empoderamiento econ\u00f3mico para mujeres y familias en comunidades productoras de caf\u00e9, t\u00e9 y cacao&#8221;, afirma Starbucks .com.<\/p>\n\n\n\n<figure class=\"wp-block-image size-large\"><img loading=\"lazy\" decoding=\"async\" width=\"848\" height=\"571\" src=\"https:\/\/tenistenis.com\/wp-content\/uploads\/2020\/03\/ROGER-FEDERER234.jpg\" alt=\"\" class=\"wp-image-1043\" srcset=\"https:\/\/tenistenis.com\/wp-content\/uploads\/2020\/03\/ROGER-FEDERER234.jpg 848w, https:\/\/tenistenis.com\/wp-content\/uploads\/2020\/03\/ROGER-FEDERER234-300x202.jpg 300w, https:\/\/tenistenis.com\/wp-content\/uploads\/2020\/03\/ROGER-FEDERER234-768x517.jpg 768w\" sizes=\"auto, (max-width: 848px) 100vw, 848px\" \/><\/figure>\n\n\n\n<p>La campa\u00f1a de la compa\u00f1\u00eda de caf\u00e9 no tard\u00f3 mucho antes de obtener resultados. Seg\u00fan Starbucks, sus esfuerzos ya han marcado la diferencia en la vida de m\u00e1s de 66,000 mujeres a trav\u00e9s de programas relacionados con el liderazgo de las mujeres, el acceso a financiamiento y hogares saludables en comunidades productoras de caf\u00e9 y t\u00e9 en \u00c1frica, Asia y Am\u00e9rica Latina.<\/p>\n\n\n\n<p>por Ethical Marketing News. Las fundaciones que se otorgaron en la selecci\u00f3n de este a\u00f1o fueron: Days for Girls, Girl Rising, Grounds for Health, ICAFE, Malala Fund, Mercy Corps y Village Enterprise. El total de las subvenciones ofrecidas en 2019 y 2020 asciende a $ 5 millones.<\/p>\n\n\n\n<p>Sin embargo, la Fundaci\u00f3n Roger Federer est\u00e1 involucrada en muchos otros proyectos y tiene muchos partidarios alrededor del mundo. De hecho, hace solo un mes recaud\u00f3 3,5 millones de d\u00f3lares para ayudar a los ni\u00f1os africanos desfavorecidos.<\/p>\n\n\n\n<p>&#8220;Qu\u00e9 noche inolvidable. Recaudamos m\u00e1s de tres millones y medio de d\u00f3lares americanos para los ni\u00f1os vulnerables en la regi\u00f3n, logramos un r\u00e9cord mundial con m\u00e1s de 51,945 espectadores en un partido de tenis y nos divertimos mucho en la cancha&#8221;. Mencionaba Federer.<\/p>\n\n\n\n<p>&#8220;Gracias, Rafa por un gran partido, a Bill y Trevor por salir de sus zonas de confort, y sobre todo, gracias, Sud\u00e1frica, y gracias a Ciudad del Cabo, por todo su apoyo y por hacer una diferencia para aquellos que lo necesitan m\u00e1s&#8221; dijo Roger Federer despu\u00e9s de los partidos de exhibici\u00f3n.&nbsp;<\/p>\n\n\n\n<figure class=\"wp-block-embed-youtube wp-block-embed is-type-video is-provider-youtube wp-embed-aspect-16-9 wp-has-aspect-ratio\"><div class=\"wp-block-embed__wrapper\">\n<iframe loading=\"lazy\" title=\"Roger Federer vs Pete Sampras: Wimbledon fourth round, 2001 (Extended Highlights)\" width=\"696\" height=\"392\" src=\"https:\/\/www.youtube.com\/embed\/pEPdLJhq6-k?feature=oembed&#038;enablejsapi=1\" frameborder=\"0\" allow=\"accelerometer; autoplay; clipboard-write; encrypted-media; gyroscope; picture-in-picture; web-share\" referrerpolicy=\"strict-origin-when-cross-origin\" allowfullscreen><\/iframe>\n<\/div><\/figure>\n","protected":false},"excerpt":{"rendered":"<p>Roger Federer pierde el apoyo de Starbucks Caf\u00e9 La cadena de tiendas de cafeter\u00eda, decidi\u00f3 no subvencionar a la organizaci\u00f3n ben\u00e9fica del suizo, al menos por este a\u00f1o. A pesar de que la Fundaci\u00f3n Roger Federer recibi\u00f3 una Beca Origin de la Fundaci\u00f3n Starbucks en 2019, la organizaci\u00f3n ben\u00e9fica de la marca de caf\u00e9 no [&hellip;]<\/p>\n","protected":false},"author":5,"featured_media":1021,"comment_status":"open","ping_status":"open","sticky":false,"template":"","format":"standard","meta":{"footnotes":""},"categories":[30],"tags":[],"class_list":{"0":"post-1020","1":"post","2":"type-post","3":"status-publish","4":"format-standard","5":"has-post-thumbnail","7":"category-copa-davis"},"aioseo_notices":[],"_links":{"self":[{"href":"https:\/\/tenistenis.com\/index.php\/wp-json\/wp\/v2\/posts\/1020","targetHints":{"allow":["GET"]}}],"collection":[{"href":"https:\/\/tenistenis.com\/index.php\/wp-json\/wp\/v2\/posts"}],"about":[{"href":"https:\/\/tenistenis.com\/index.php\/wp-json\/wp\/v2\/types\/post"}],"author":[{"embeddable":true,"href":"https:\/\/tenistenis.com\/index.php\/wp-json\/wp\/v2\/users\/5"}],"replies":[{"embeddable":true,"href":"https:\/\/tenistenis.com\/index.php\/wp-json\/wp\/v2\/comments?post=1020"}],"version-history":[{"count":2,"href":"https:\/\/tenistenis.com\/index.php\/wp-json\/wp\/v2\/posts\/1020\/revisions"}],"predecessor-version":[{"id":1044,"href":"https:\/\/tenistenis.com\/index.php\/wp-json\/wp\/v2\/posts\/1020\/revisions\/1044"}],"wp:featuredmedia":[{"embeddable":true,"href":"https:\/\/tenistenis.com\/index.php\/wp-json\/wp\/v2\/media\/1021"}],"wp:attachment":[{"href":"https:\/\/tenistenis.com\/index.php\/wp-json\/wp\/v2\/media?parent=1020"}],"wp:term":[{"taxonomy":"category","embeddable":true,"href":"https:\/\/tenistenis.com\/index.php\/wp-json\/wp\/v2\/categories?post=1020"},{"taxonomy":"post_tag","embeddable":true,"href":"https:\/\/tenistenis.com\/index.php\/wp-json\/wp\/v2\/tags?post=1020"}],"curies":[{"name":"wp","href":"https:\/\/api.w.org\/{rel}","templated":true}]}}